{"id":91,"date":"2023-07-14T02:23:53","date_gmt":"2023-07-14T02:23:53","guid":{"rendered":"https:\/\/siglo21digital.com.ar\/?p=91"},"modified":"2023-07-14T02:23:53","modified_gmt":"2023-07-14T02:23:53","slug":"se-prorrogo-hasta-el-31-de-diciembre-la-emergencia-agropecuaria-en-entre-rios","status":"publish","type":"post","link":"https:\/\/siglo21digital.com.ar\/?p=91","title":{"rendered":"Se prorrog\u00f3 hasta el 31 de diciembre la emergencia agropecuaria en Entre R\u00edos"},"content":{"rendered":"<p><img fetchpriority=\"high\" decoding=\"async\" class=\"alignnone size-medium wp-image-94\" src=\"http:\/\/siglo21digital.com.ar\/wp-content\/uploads\/2023\/07\/trigo_maiz-300x198.jpg\" alt=\"\" width=\"300\" height=\"198\" srcset=\"https:\/\/siglo21digital.com.ar\/wp-content\/uploads\/2023\/07\/trigo_maiz-300x198.jpg 300w, https:\/\/siglo21digital.com.ar\/wp-content\/uploads\/2023\/07\/trigo_maiz-1024x678.jpg 1024w, https:\/\/siglo21digital.com.ar\/wp-content\/uploads\/2023\/07\/trigo_maiz-768x508.jpg 768w, https:\/\/siglo21digital.com.ar\/wp-content\/uploads\/2023\/07\/trigo_maiz-750x496.jpg 750w, https:\/\/siglo21digital.com.ar\/wp-content\/uploads\/2023\/07\/trigo_maiz.jpg 1330w\" sizes=\"(max-width: 300px) 100vw, 300px\" \/><\/p>\n<p>El Ministerio de Producci\u00f3n de Entre R\u00edos dispuso extender hasta el 31 de diciembre la emergencia agropecuaria. Alcanza a los cultivos de soja, sorgo y ma\u00edz en todo el territorio provincial, y de arroz irrigado por represas en los Departamentos La Paz, Feliciano, Federal y Federaci\u00f3n.<\/p>\n<p>La pr\u00f3rroga de la emergencia hab\u00eda sido anunciada por el gobernador Gustavo Bordet en el marco de una reuni\u00f3n que mantuvo d\u00edas atr\u00e1s con el ministro de Econom\u00eda de la Naci\u00f3n, Sergio Massa.<\/p>\n<p>A trav\u00e9s de la Resoluci\u00f3n N\u00ba 1.109 del Ministerio de Producci\u00f3n de Entre R\u00edos, publicada en el Bolet\u00edn Oficial, se estableci\u00f3 la pr\u00f3rroga de la declaraci\u00f3n de emergencia y\/o desastre agropecuario dispuesta por el art\u00edculo 1\u00ba del Decreto N\u00ba 4.727\/22 MP y su ampliatoria Resoluci\u00f3n N\u00ba 175\/23 MP, desde el 1\u00ba de julio de 2023 hasta el 31 de diciembre 2023, exclusivamente para las actividades agr\u00edcolas de soja, sorgo y ma\u00edz en todo el territorio provincial, y de arroz irrigado por represas e los departamentos La Paz, Feliciano, Federal y Federaci\u00f3n\u201d.<\/p>\n<p>Cabe destacar que en diciembre pasado el Ejecutivo entrerriano hab\u00eda declarado \u201cel estado de emergencia y\/o desastre agropecuario hasta el 30 de junio para las explotaciones agr\u00edcolas de ma\u00edz, citr\u00edcolas, hort\u00edcolas, y ap\u00edcolas\u201d, mientras que dispon\u00eda que en el caso de \u201clas explotaciones ganaderas bovinas, caprinas, ovinas, equinas y tamberas\u201d, el periodo se extender\u00e1 hasta el 30 de noviembre de 2023.<\/p>\n<p>En abril la emergencia se ampli\u00f3 a las explotaciones agr\u00edcolas de soja de primera y segunda, de sorgo, de ma\u00edz, citr\u00edcolas, hort\u00edcolas y ap\u00edcolas.<\/p>\n<p><b>Fuente:\u00a0<\/b><i>APF<\/i><\/p>\n","protected":false},"excerpt":{"rendered":"<p>El Ministerio de Producci\u00f3n de Entre R\u00edos dispuso extender hasta el 31 de diciembre la emergencia agropecuaria. Alcanza a los cultivos de soja, sorgo y ma\u00edz en todo el territorio provincial, y de arroz irrigado por represas en los Departamentos La Paz, Feliciano, Federal y Federaci\u00f3n. La pr\u00f3rroga de la emergencia hab\u00eda sido anunciada por &hellip; <\/p>\n<p><a class=\"more-link btn\" href=\"https:\/\/siglo21digital.com.ar\/?p=91\">Continue reading<\/a><\/p>\n","protected":false},"author":2,"featured_media":0,"comment_status":"open","ping_status":"open","sticky":false,"template":"","format":"standard","meta":{"_jetpack_memberships_contains_paid_content":false,"footnotes":""},"categories":[1],"tags":[],"class_list":["post-91","post","type-post","status-publish","format-standard","hentry","category-uncategorized","item-wrap"],"aioseo_notices":[],"jetpack_featured_media_url":"","jetpack_sharing_enabled":true,"_links":{"self":[{"href":"https:\/\/siglo21digital.com.ar\/index.php?rest_route=\/wp\/v2\/posts\/91","targetHints":{"allow":["GET"]}}],"collection":[{"href":"https:\/\/siglo21digital.com.ar\/index.php?rest_route=\/wp\/v2\/posts"}],"about":[{"href":"https:\/\/siglo21digital.com.ar\/index.php?rest_route=\/wp\/v2\/types\/post"}],"author":[{"embeddable":true,"href":"https:\/\/siglo21digital.com.ar\/index.php?rest_route=\/wp\/v2\/users\/2"}],"replies":[{"embeddable":true,"href":"https:\/\/siglo21digital.com.ar\/index.php?rest_route=%2Fwp%2Fv2%2Fcomments&post=91"}],"version-history":[{"count":1,"href":"https:\/\/siglo21digital.com.ar\/index.php?rest_route=\/wp\/v2\/posts\/91\/revisions"}],"predecessor-version":[{"id":95,"href":"https:\/\/siglo21digital.com.ar\/index.php?rest_route=\/wp\/v2\/posts\/91\/revisions\/95"}],"wp:attachment":[{"href":"https:\/\/siglo21digital.com.ar\/index.php?rest_route=%2Fwp%2Fv2%2Fmedia&parent=91"}],"wp:term":[{"taxonomy":"category","embeddable":true,"href":"https:\/\/siglo21digital.com.ar\/index.php?rest_route=%2Fwp%2Fv2%2Fcategories&post=91"},{"taxonomy":"post_tag","embeddable":true,"href":"https:\/\/siglo21digital.com.ar\/index.php?rest_route=%2Fwp%2Fv2%2Ftags&post=91"}],"curies":[{"name":"wp","href":"https:\/\/api.w.org\/{rel}","templated":true}]}}