{"id":88,"date":"2023-07-17T14:50:50","date_gmt":"2023-07-17T14:50:50","guid":{"rendered":"https:\/\/siglo21digital.com.ar\/?p=88"},"modified":"2023-07-17T14:50:50","modified_gmt":"2023-07-17T14:50:50","slug":"lucia-varisco-felicito-festejo-y-acompano-al-ganador-maximiliano-pullaro-en-el-centro-de-campana-en-rosario","status":"publish","type":"post","link":"https:\/\/siglo21digital.com.ar\/?p=88","title":{"rendered":"Luc\u00eda Varisco felicit\u00f3, festej\u00f3 y acompa\u00f1\u00f3 al ganador Maximiliano Pullaro en el centro de campa\u00f1a en Rosario"},"content":{"rendered":"\r\n<p><img fetchpriority=\"high\" decoding=\"async\" class=\"alignnone size-medium wp-image-115\" src=\"http:\/\/siglo21digital.com.ar\/wp-content\/uploads\/2023\/07\/lucia-y-pullaro-279x300.jpg\" alt=\"\" width=\"279\" height=\"300\" srcset=\"https:\/\/siglo21digital.com.ar\/wp-content\/uploads\/2023\/07\/lucia-y-pullaro-279x300.jpg 279w, https:\/\/siglo21digital.com.ar\/wp-content\/uploads\/2023\/07\/lucia-y-pullaro.jpg 532w\" sizes=\"(max-width: 279px) 100vw, 279px\" \/><\/p>\r\n<p>Luc\u00eda Varisco, actual diputada provincial del radicalismo y precandidata a la intendencia de Paran\u00e1, celebr\u00f3 el triunfo de Maximiliano Pullaro en Santa Fe sobre Carolina Losada, que lo consagra como el candidato a gobernador de Juntos por el Cambio \u2022 \u201cExpresa las convicciones de un radicalismo de pie, emancipado y con dirigentes con coraje\u201d, destac\u00f3.<br \/>Varisco estuvo en Rosario, en el bunker del ganador Maximiliano Pullaro: \u201cEs una gran emoci\u00f3n ver que la bandera que enarbola Maximiliano Pullaro expresa las convicciones de un radicalismo de pie, emancipado y con dirigentes con coraje y que son capaces de dejar todo en una elecci\u00f3n trascendente para la coalici\u00f3n opositora pero fundamentalmente para el radicalismo del pa\u00eds\u201d.<br \/><br \/>La diputada estuvo en el bunker junto al senador nacional Mart\u00edn Lousteau, con quien ambos se referencian.<br \/><br \/>\u201cVine a seguir de cerca esta contienda electoral porque su significado transciende los l\u00edmites de la provincia de Santa Fe, y por eso estoy ac\u00e1 felicitando a los ganadores y especialmente a Maximiliano, con quien nos une un v\u00ednculo de militancia muy profundo junto a Lousteau y muchos dirigentes y militantes que desean que la Uni\u00f3n C\u00edvica Radical vuelva a brillar y vuelva a ocupar el lugar que por derecho propio le corresponde en la pol\u00edtica grande del pa\u00eds\u201d, se\u00f1al\u00f3.<\/p>\r\n","protected":false},"excerpt":{"rendered":"<p>Luc\u00eda Varisco, actual diputada provincial del radicalismo y precandidata a la intendencia de Paran\u00e1, celebr\u00f3 el triunfo de Maximiliano Pullaro en Santa Fe sobre Carolina Losada, que lo consagra como el candidato a gobernador de Juntos por el Cambio \u2022 \u201cExpresa las convicciones de un radicalismo de pie, emancipado y con dirigentes con coraje\u201d, destac\u00f3.Varisco &hellip; <\/p>\n<p><a class=\"more-link btn\" href=\"https:\/\/siglo21digital.com.ar\/?p=88\">Continue reading<\/a><\/p>\n","protected":false},"author":2,"featured_media":0,"comment_status":"open","ping_status":"open","sticky":false,"template":"","format":"standard","meta":{"_jetpack_memberships_contains_paid_content":false,"footnotes":""},"categories":[1],"tags":[],"class_list":["post-88","post","type-post","status-publish","format-standard","hentry","category-uncategorized","item-wrap"],"aioseo_notices":[],"jetpack_featured_media_url":"","jetpack_sharing_enabled":true,"_links":{"self":[{"href":"https:\/\/siglo21digital.com.ar\/index.php?rest_route=\/wp\/v2\/posts\/88","targetHints":{"allow":["GET"]}}],"collection":[{"href":"https:\/\/siglo21digital.com.ar\/index.php?rest_route=\/wp\/v2\/posts"}],"about":[{"href":"https:\/\/siglo21digital.com.ar\/index.php?rest_route=\/wp\/v2\/types\/post"}],"author":[{"embeddable":true,"href":"https:\/\/siglo21digital.com.ar\/index.php?rest_route=\/wp\/v2\/users\/2"}],"replies":[{"embeddable":true,"href":"https:\/\/siglo21digital.com.ar\/index.php?rest_route=%2Fwp%2Fv2%2Fcomments&post=88"}],"version-history":[{"count":2,"href":"https:\/\/siglo21digital.com.ar\/index.php?rest_route=\/wp\/v2\/posts\/88\/revisions"}],"predecessor-version":[{"id":116,"href":"https:\/\/siglo21digital.com.ar\/index.php?rest_route=\/wp\/v2\/posts\/88\/revisions\/116"}],"wp:attachment":[{"href":"https:\/\/siglo21digital.com.ar\/index.php?rest_route=%2Fwp%2Fv2%2Fmedia&parent=88"}],"wp:term":[{"taxonomy":"category","embeddable":true,"href":"https:\/\/siglo21digital.com.ar\/index.php?rest_route=%2Fwp%2Fv2%2Fcategories&post=88"},{"taxonomy":"post_tag","embeddable":true,"href":"https:\/\/siglo21digital.com.ar\/index.php?rest_route=%2Fwp%2Fv2%2Ftags&post=88"}],"curies":[{"name":"wp","href":"https:\/\/api.w.org\/{rel}","templated":true}]}}