{"id":84,"date":"2023-07-12T00:00:52","date_gmt":"2023-07-12T00:00:52","guid":{"rendered":"https:\/\/siglo21digital.com.ar\/?p=84"},"modified":"2023-07-12T00:00:52","modified_gmt":"2023-07-12T00:00:52","slug":"frigerio-nos-proponemos-el-enorme-desafio-de-mejorar-el-sistema-educativo-provincial","status":"publish","type":"post","link":"https:\/\/siglo21digital.com.ar\/?p=84","title":{"rendered":"Frigerio: \u201cNos proponemos el enorme desaf\u00edo de mejorar el sistema educativo provincial\u201d"},"content":{"rendered":"<p>&nbsp;<\/p>\n<p><img fetchpriority=\"high\" decoding=\"async\" class=\"alignnone size-medium wp-image-85\" src=\"http:\/\/siglo21digital.com.ar\/wp-content\/uploads\/2023\/07\/frigerio-en-villaguay-300x198.jpg\" alt=\"\" width=\"300\" height=\"198\" srcset=\"https:\/\/siglo21digital.com.ar\/wp-content\/uploads\/2023\/07\/frigerio-en-villaguay-300x198.jpg 300w, https:\/\/siglo21digital.com.ar\/wp-content\/uploads\/2023\/07\/frigerio-en-villaguay-1024x678.jpg 1024w, https:\/\/siglo21digital.com.ar\/wp-content\/uploads\/2023\/07\/frigerio-en-villaguay-768x508.jpg 768w, https:\/\/siglo21digital.com.ar\/wp-content\/uploads\/2023\/07\/frigerio-en-villaguay-750x496.jpg 750w, https:\/\/siglo21digital.com.ar\/wp-content\/uploads\/2023\/07\/frigerio-en-villaguay.jpg 1330w\" sizes=\"(max-width: 300px) 100vw, 300px\" \/><\/p>\n<p>El precandidato a gobernador de Juntos por Entre R\u00edos Rogelio Frigerio present\u00f3 en Villaguay sus propuestas para construir \u201cuna pol\u00edtica de Estado que mejore el sistema educativo provincial\u201d.<\/p>\n<p>El exdiputado nacional dio continuidad a una serie de encuentros con los entrerrianos que tienen el objetivo de contar propuestas concretas \u201cpara sacar adelante a nuestra provincia y resolver cada uno de los problemas que nos preocupan\u201d.<\/p>\n<p>En ese marco, sostuvo: \u201cSi Entre R\u00edos est\u00e1 como est\u00e1, es porque hace mucho tiempo que los mismos de siempre vienen ocupando cargos y lugares de decisi\u00f3n \u00fanicamente para preservar sus privilegios. Y esos espacios deber\u00edan ser ocupados por personas cuyo \u00fanico prop\u00f3sito sea mejorar la vida de todos. La pol\u00edtica es demasiado importante como para que la dejemos en manos de unos pocos que no quieren otra cosa que perpetuarse el poder\u201d.<\/p>\n<p>Y agreg\u00f3 que \u201csi la educaci\u00f3n est\u00e1 como est\u00e1, es por lo que han hecho \u2013o han dejado de hacer- las sucesivas administraciones que tuvimos a lo largo de las \u00faltimas d\u00e9cadas\u201d.<\/p>\n<p>Al respecto, a la hora de hacer un diagn\u00f3stico en materia educativa, detall\u00f3 que \u201ccada a\u00f1o cerca de 24 mil estudiantes abandonan la escuela por factores socioecon\u00f3micos. Son 24 mil personas que no van a tener un futuro mejor y no van a poder progresar\u201d y \u201cde los que s\u00ed logran egresar, s\u00f3lo el 16% lo hace en tiempo y forma, y un 13%, es decir, casi 1 de cada 10, logra hacerlo con niveles satisfactorios de aprendizaje en Lengua y Matem\u00e1tica\u201d.<\/p>\n<p>Como propuesta, Frigerio plante\u00f3 que \u201cla educaci\u00f3n primaria debe ser una prioridad y por eso vamos a poner en marcha un Plan Provincial de Alfabetizaci\u00f3n para que los ni\u00f1os en 1\u00b0, 2\u00b0 y 3\u00b0 grado salgan sabiendo lo m\u00e1s b\u00e1sico: leer y escribir. Y lo vamos a hacer a partir de metas progresivas siguiendo la trayectoria de cada estudiante\u201d, public\u00f3\u00a0<em>Apf<\/em>.<\/p>\n<p>Para lograrlo, comprometi\u00f3: \u201cVamos a garantizar las condiciones materiales y a convocar a los docentes y a toda la sociedad para acompa\u00f1ar este objetivo estrat\u00e9gico y prioritario. Adem\u00e1s, a\u00f1o a a\u00f1o vamos a evaluar el avance y lo vamos a comunicar p\u00fablicamente a la sociedad. Porque ese es uno de los grandes problemas que tenemos hoy: nos falta mucha informaci\u00f3n, al contrario de lo que pasa en todos los pa\u00edses del mundo donde la educaci\u00f3n mejora\u201d.<\/p>\n<p>Asimismo, propuso \u201cun nuevo modelo de escuela secundaria. Hoy la secundaria no est\u00e1 logrando dar respuesta a las necesidades de nuestros j\u00f3venes, ni est\u00e1 logrando prepararlos con los conocimientos ni las capacidades necesarias para la sociedad actual ni para el desarrollo que nuestra provincia requiere\u201d. \u201cEs fundamental que actualicemos los contenidos para que sean relevantes al d\u00eda de hoy y eso es lo que vamos a hacer desde el d\u00eda uno. Es decir, vamos a generar dise\u00f1os curriculares que focalicen en los contenidos esenciales que los estudiantes deben aprender y en las capacidades que deben desarrollar. La secundaria debe tener una visi\u00f3n clara de los egresados que busca formar, haciendo hincapi\u00e9 en el desarrollo de la comprensi\u00f3n lectora, en el pensamiento matem\u00e1tico, las habilidades digitales, el pensamiento cr\u00edtico, la colaboraci\u00f3n con otros y la conciencia personal y comunitaria\u201d, puntualiz\u00f3.<\/p>\n<p>Como tercer punto, el precandidato propuso \u201cvincular la educaci\u00f3n al trabajo\u201d porque \u201cnecesitamos formar estudiantes que puedan enfrentar los desaf\u00edos, los cambios y las incertidumbres de la \u00e9poca\u201d. \u201cLos estudiantes entrerrianos tienen que poder tener, antes de terminar el secundario, un contacto real con la producci\u00f3n, con todos los eslabones de las cadenas de valor. Lo que aprenden debe tener sentido para ellos, debe ser significativo, por eso vamos a potenciar las pr\u00e1cticas profesionalizantes que ayudan acortar la brecha entre el mundo de la educaci\u00f3n y del trabajo, y que son una herramienta que sin dudas abren una puerta a la transformaci\u00f3n de la secundaria\u201d, sentenci\u00f3.<\/p>\n","protected":false},"excerpt":{"rendered":"<p>&nbsp; El precandidato a gobernador de Juntos por Entre R\u00edos Rogelio Frigerio present\u00f3 en Villaguay sus propuestas para construir \u201cuna pol\u00edtica de Estado que mejore el sistema educativo provincial\u201d. El exdiputado nacional dio continuidad a una serie de encuentros con los entrerrianos que tienen el objetivo de contar propuestas concretas \u201cpara sacar adelante a nuestra &hellip; <\/p>\n<p><a class=\"more-link btn\" href=\"https:\/\/siglo21digital.com.ar\/?p=84\">Continue reading<\/a><\/p>\n","protected":false},"author":2,"featured_media":0,"comment_status":"open","ping_status":"open","sticky":false,"template":"","format":"standard","meta":{"_jetpack_memberships_contains_paid_content":false,"footnotes":""},"categories":[1],"tags":[],"class_list":["post-84","post","type-post","status-publish","format-standard","hentry","category-uncategorized","item-wrap"],"aioseo_notices":[],"jetpack_featured_media_url":"","jetpack_sharing_enabled":true,"_links":{"self":[{"href":"https:\/\/siglo21digital.com.ar\/index.php?rest_route=\/wp\/v2\/posts\/84","targetHints":{"allow":["GET"]}}],"collection":[{"href":"https:\/\/siglo21digital.com.ar\/index.php?rest_route=\/wp\/v2\/posts"}],"about":[{"href":"https:\/\/siglo21digital.com.ar\/index.php?rest_route=\/wp\/v2\/types\/post"}],"author":[{"embeddable":true,"href":"https:\/\/siglo21digital.com.ar\/index.php?rest_route=\/wp\/v2\/users\/2"}],"replies":[{"embeddable":true,"href":"https:\/\/siglo21digital.com.ar\/index.php?rest_route=%2Fwp%2Fv2%2Fcomments&post=84"}],"version-history":[{"count":1,"href":"https:\/\/siglo21digital.com.ar\/index.php?rest_route=\/wp\/v2\/posts\/84\/revisions"}],"predecessor-version":[{"id":86,"href":"https:\/\/siglo21digital.com.ar\/index.php?rest_route=\/wp\/v2\/posts\/84\/revisions\/86"}],"wp:attachment":[{"href":"https:\/\/siglo21digital.com.ar\/index.php?rest_route=%2Fwp%2Fv2%2Fmedia&parent=84"}],"wp:term":[{"taxonomy":"category","embeddable":true,"href":"https:\/\/siglo21digital.com.ar\/index.php?rest_route=%2Fwp%2Fv2%2Fcategories&post=84"},{"taxonomy":"post_tag","embeddable":true,"href":"https:\/\/siglo21digital.com.ar\/index.php?rest_route=%2Fwp%2Fv2%2Ftags&post=84"}],"curies":[{"name":"wp","href":"https:\/\/api.w.org\/{rel}","templated":true}]}}