{"id":71,"date":"2023-07-10T12:51:25","date_gmt":"2023-07-10T12:51:25","guid":{"rendered":"https:\/\/siglo21digital.com.ar\/?p=71"},"modified":"2023-07-10T12:51:25","modified_gmt":"2023-07-10T12:51:25","slug":"schneider-espero-haber-estado-a-la-altura-de-mis-vecinos-sigamos-creciendo-juntos","status":"publish","type":"post","link":"https:\/\/siglo21digital.com.ar\/?p=71","title":{"rendered":"SCHNEIDER: \u201cESPERO HABER ESTADO A LA ALTURA DE MIS VECINOS. SIGAMOS CRECIENDO JUNTOS\u201d"},"content":{"rendered":"<p><img decoding=\"async\" class=\"alignnone size-medium wp-image-72\" src=\"http:\/\/siglo21digital.com.ar\/wp-content\/uploads\/2023\/07\/SCHNEIDER-9-300x150.jpg\" alt=\"\" width=\"300\" height=\"150\" srcset=\"https:\/\/siglo21digital.com.ar\/wp-content\/uploads\/2023\/07\/SCHNEIDER-9-300x150.jpg 300w, https:\/\/siglo21digital.com.ar\/wp-content\/uploads\/2023\/07\/SCHNEIDER-9-1024x512.jpg 1024w, https:\/\/siglo21digital.com.ar\/wp-content\/uploads\/2023\/07\/SCHNEIDER-9-768x384.jpg 768w, https:\/\/siglo21digital.com.ar\/wp-content\/uploads\/2023\/07\/SCHNEIDER-9-750x375.jpg 750w, https:\/\/siglo21digital.com.ar\/wp-content\/uploads\/2023\/07\/SCHNEIDER-9.jpg 1280w\" sizes=\"(max-width: 300px) 100vw, 300px\" \/><\/p>\n<p>La comunidad crespense celebr\u00f3 este domingo el\u00a0<strong>\u2018207\u00ba Aniversario de la Declaraci\u00f3n de la Independencia de la Rep\u00fablica Argentina\u2019<\/strong>. El acto oficial, presidido por el intendente\u00a0<strong>Dar\u00edo Schneider<\/strong>, se realiz\u00f3 sobre calle 3 de Febrero.<\/p>\n<p>\u201cEste 9 de julio seguramente es uno m\u00e1s para mucho de ustedes, en cambio no lo es para m\u00ed. Es el \u00faltimo que me toca presidir. Por eso quiero decirle a todos los crespenses, mis vecinos, que ha sido un honor poder compartir estos momentos, algunos m\u00e1s formales como los actos patrios y el aniversario de la ciudad; y otros m\u00e1s festivos como la Fiesta Nacional de la Avicultura, Domingos en el Lago, el Mes de la Ni\u00f1ez, nuestras Ferias Crespo Emprende y la Feria Navide\u00f1a. Pero, adem\u00e1s, compartimos un mont\u00f3n de realizaciones, de acciones que llevamos adelante juntos y que han puesto a la ciudad de Crespo a la vanguardia del contexto provincial y en muchos temas tambi\u00e9n con el reconocimiento nacional, lo cual nos ha llenado de aut\u00e9ntico orgullo crespense a todos. Y esto fue posible gracias a un gran equipo de gobierno que me ha acompa\u00f1ado, a los empleados municipales y a todos ustedes el pueblo de Crespo.\u00a0<strong>Entre todos hemos conformado un gran equipo transformador\u201d.<\/strong><\/p>\n<p>Emocionado, el presidente municipal,\u00a0<strong>agradeci\u00f3 el amor recibido en cada paso que el equipo dio para transformar la ciudad. \u201cNos volvimos a enamorar de Crespo y hoy nos reconocen por innovadores a nivel provincial y nacional\u201d.<\/strong><\/p>\n<figure class=\"wp-block-image size-large\"><img fetchpriority=\"high\" decoding=\"async\" class=\"wp-image-27901\" src=\"https:\/\/www.crespo.gob.ar\/wp-content\/uploads\/2023\/07\/DSC_8545-1024x714.jpg\" sizes=\"(max-width: 1024px) 100vw, 1024px\" srcset=\"https:\/\/www.crespo.gob.ar\/wp-content\/uploads\/2023\/07\/DSC_8545-1024x714.jpg 1024w, https:\/\/www.crespo.gob.ar\/wp-content\/uploads\/2023\/07\/DSC_8545-300x209.jpg 300w, https:\/\/www.crespo.gob.ar\/wp-content\/uploads\/2023\/07\/DSC_8545-768x536.jpg 768w, https:\/\/www.crespo.gob.ar\/wp-content\/uploads\/2023\/07\/DSC_8545-1536x1071.jpg 1536w, https:\/\/www.crespo.gob.ar\/wp-content\/uploads\/2023\/07\/DSC_8545-2048x1428.jpg 2048w, https:\/\/www.crespo.gob.ar\/wp-content\/uploads\/2023\/07\/DSC_8545-1080x753.jpg 1080w\" alt=\"\" width=\"1024\" height=\"714\" \/><\/figure>\n<p>El intendente destac\u00f3 la importancia del 9 de julio porque con la declaraci\u00f3n de la independencia en 1816, \u201cdecidimos ser libres de toda dominaci\u00f3n extranjera, due\u00f1os de nuestro destino, aut\u00f3nomos para tomar decisiones para formar nuestros gobiernos, garantizar derechos de nuestros ciudadanos y tambi\u00e9n exigir el cumplimiento de los deberes que tenemos como tales\u201d.<\/p>\n<p>En ese contexto a\u00f1adi\u00f3: \u201cDesde ese momento, hasta el d\u00eda de hoy, como Naci\u00f3n hemos evolucionado much\u00edsimo y avanzado como sociedad. Seguramente el logro colectivo m\u00e1s importante, a pesar de las diferencias y desencuentros de la historia, ha sido consolidar este sistema democr\u00e1tico que nos permiten que estemos por cumplir 40 a\u00f1os de per\u00edodos ininterrumpidos de democracia. Lo que nos parec\u00eda imposible en alg\u00fan momento, hoy vivimos en plena libertad, en pleno estado de derecho y eso tambi\u00e9n es consolidar y reafirmar nuestra independencia\u201d.<\/p>\n<p>Sobre el presente, Schneider detall\u00f3 que este a\u00f1o tendremos otra vez la oportunidad de elegir a nuestros representantes \u201cpara escribir un rengl\u00f3n m\u00e1s en la historia democr\u00e1tica de nuestro pa\u00eds. Es tiempo de premiar a quienes han hecho bien su trabajo como representantes del pueblo o castigar a quienes no han estado a la altura de las circunstancias. Y esta libertad para poder elegir y decidir, consolida la democracia, por lo tanto, tambi\u00e9n nuestra independencia\u201d.<\/p>\n<p>Al tiempo que agreg\u00f3: \u201cSon tiempos en los que se abre esa puerta de renovar la esperanza, la expectativa de todos. Uno espera que tambi\u00e9n sean tiempos de acuerdos para poder superar las enormes dificultades econ\u00f3micas que tenemos y que generan tanto sufrimiento e incertidumbre al pueblo argentino. En alg\u00fan tiempo, hace algunos a\u00f1os atr\u00e1s, en Crespo tambi\u00e9n est\u00e1bamos con dificultades serias en lo econ\u00f3mico, con la salud financiera del municipio bastante comprometida. Pero\u00a0<strong>con el trabajo en conjunto de los crespenses supimos superar esas dificultades, rencausar el municipio y la ciudad en el camino del desarrollo y del crecimiento, con la cultura del trabajo y del esfuerzo como bandera; la honestidad y transparencia en el manejo de la cosa p\u00fablica como herramientas que nos acompa\u00f1aron todos los d\u00edas y permitieron realizar nuestra tarea.<\/strong>\u00a0<strong>Hoy contamos con un municipio saneado econ\u00f3micamente, que lleva adelante pol\u00edticas de gobierno para mejorar la calidad de vida de nuestra gente<\/strong>,\u00a0<strong>tambi\u00e9n acciones que dan todo el tiempo oportunidades en todos los \u00e1mbitos de la vida de los crespenses, en la cultura, el deporte, en el desarrollo local y humano, en la educaci\u00f3n y la salud.<\/strong>\u00a0Convendr\u00e1n conmigo, tambi\u00e9n, que todav\u00eda queda mucho para hacer. Afortunadamente es as\u00ed, tenemos mucha tarea por delante. Pero estoy convencido que\u00a0<strong>este es el camino, el camino del esfuerzo, del trabajo conjunto, del esfuerzo compartido, solidario con las instituciones de la ciudad, con nuestras empresas, con sus emprendedores. Estoy convencido que este es el camino para seguir creciendo\u201d.<\/strong><\/p>\n<p>Dar\u00edo Schneider agradeci\u00f3 a toda la comunidad por \u201cponerle marco y jerarquizar esta celebraci\u00f3n patria\u201d. Y finaliz\u00f3 expresando: \u201cS\u00f3lo me queda decirle \u00a1muchas gracias! Gracias por estar siempre, por acompa\u00f1ar, por no bajar los brazos nunca. S\u00f3lo espero haber estado a la altura de las circunstancias. \u00a1Que viva la patria! Y a seguir creciendo\u201d.<\/p>\n<figure class=\"wp-block-image size-large\"><img decoding=\"async\" class=\"wp-image-27900\" src=\"https:\/\/www.crespo.gob.ar\/wp-content\/uploads\/2023\/07\/DSC_8432-1024x714.jpg\" sizes=\"(max-width: 1024px) 100vw, 1024px\" srcset=\"https:\/\/www.crespo.gob.ar\/wp-content\/uploads\/2023\/07\/DSC_8432-1024x714.jpg 1024w, https:\/\/www.crespo.gob.ar\/wp-content\/uploads\/2023\/07\/DSC_8432-300x209.jpg 300w, https:\/\/www.crespo.gob.ar\/wp-content\/uploads\/2023\/07\/DSC_8432-768x536.jpg 768w, https:\/\/www.crespo.gob.ar\/wp-content\/uploads\/2023\/07\/DSC_8432-1536x1071.jpg 1536w, https:\/\/www.crespo.gob.ar\/wp-content\/uploads\/2023\/07\/DSC_8432-2048x1428.jpg 2048w, https:\/\/www.crespo.gob.ar\/wp-content\/uploads\/2023\/07\/DSC_8432-1080x753.jpg 1080w\" alt=\"\" width=\"1024\" height=\"714\" \/><\/figure>\n<p><strong>\u2022 NUESTRO FESTEJO PATRIO<\/strong><\/p>\n<p>La ceremonia de celebraci\u00f3n cont\u00f3 con la presencia de la Orquesta Sinf\u00f3nica Municipal y del Coro Municipal del Centenario, quienes dirigieron las entonaciones de \u2018Aurora\u2019, el Himno Nacional Argentino y la Marcha de Entre R\u00edos. Adem\u00e1s, realizaron otras interpretaciones durante el acto.<\/p>\n<p>Las invocaciones religiosas estuvieron a cargo de Bernardo Spretz (Iglesia Evang\u00e9lica del R\u00edo de la Plata) y Rodrigo Badano (Parroquia Nuestra Se\u00f1ora del Rosario).<\/p>\n<p>Al inicio de la celebraci\u00f3n, directivos de escuelas de nuestra ciudad: Natalia Gillig (N\u00ba 74), Alejandra Schell (N\u00ba 198) y Jos\u00e9 Landra (Instituto Comercial), tuvieron a su cargo el izamiento del Pabell\u00f3n Nacional ubicado frente al IMEFAA.<\/p>\n<p>Ignacio Vel\u00e1zquez, alumno de la Escuela N\u00ba 74 \u2018Profesor Walter Heinze\u2019, ley\u00f3 unas palabras alusivas a la fecha. Bailarines de la Sociedad Italiana, a cargo de la profesora Camila Kloster, presentaron el Peric\u00f3n Nacional.<\/p>\n<p>El cierre fue con el desfile c\u00edvico con la participaci\u00f3n de las distintas instituciones de nuestra comunidad. Tambi\u00e9n hubo chocolate caliente y facturas para compartir la celebraci\u00f3n de nuestra independencia.<\/p>\n<figure class=\"wp-block-image size-large\"><img loading=\"lazy\" decoding=\"async\" class=\"wp-image-27902\" src=\"https:\/\/www.crespo.gob.ar\/wp-content\/uploads\/2023\/07\/DSC_8661-1024x714.jpg\" sizes=\"(max-width: 1024px) 100vw, 1024px\" srcset=\"https:\/\/www.crespo.gob.ar\/wp-content\/uploads\/2023\/07\/DSC_8661-1024x714.jpg 1024w, https:\/\/www.crespo.gob.ar\/wp-content\/uploads\/2023\/07\/DSC_8661-300x209.jpg 300w, https:\/\/www.crespo.gob.ar\/wp-content\/uploads\/2023\/07\/DSC_8661-768x535.jpg 768w, https:\/\/www.crespo.gob.ar\/wp-content\/uploads\/2023\/07\/DSC_8661-1536x1071.jpg 1536w, https:\/\/www.crespo.gob.ar\/wp-content\/uploads\/2023\/07\/DSC_8661-2048x1428.jpg 2048w, https:\/\/www.crespo.gob.ar\/wp-content\/uploads\/2023\/07\/DSC_8661-1080x753.jpg 1080w\" alt=\"\" width=\"1024\" height=\"714\" \/><\/figure>\n<figure class=\"wp-block-image size-large\"><img loading=\"lazy\" decoding=\"async\" class=\"wp-image-27903\" src=\"https:\/\/www.crespo.gob.ar\/wp-content\/uploads\/2023\/07\/DSC_8920-1024x714.jpg\" sizes=\"(max-width: 1024px) 100vw, 1024px\" srcset=\"https:\/\/www.crespo.gob.ar\/wp-content\/uploads\/2023\/07\/DSC_8920-1024x714.jpg 1024w, https:\/\/www.crespo.gob.ar\/wp-content\/uploads\/2023\/07\/DSC_8920-300x209.jpg 300w, https:\/\/www.crespo.gob.ar\/wp-content\/uploads\/2023\/07\/DSC_8920-768x536.jpg 768w, https:\/\/www.crespo.gob.ar\/wp-content\/uploads\/2023\/07\/DSC_8920-1536x1071.jpg 1536w, https:\/\/www.crespo.gob.ar\/wp-content\/uploads\/2023\/07\/DSC_8920-2048x1429.jpg 2048w, https:\/\/www.crespo.gob.ar\/wp-content\/uploads\/2023\/07\/DSC_8920-1080x753.jpg 1080w\" alt=\"\" width=\"1024\" height=\"714\" \/><\/figure>\n","protected":false},"excerpt":{"rendered":"<p>La comunidad crespense celebr\u00f3 este domingo el\u00a0\u2018207\u00ba Aniversario de la Declaraci\u00f3n de la Independencia de la Rep\u00fablica Argentina\u2019. El acto oficial, presidido por el intendente\u00a0Dar\u00edo Schneider, se realiz\u00f3 sobre calle 3 de Febrero. \u201cEste 9 de julio seguramente es uno m\u00e1s para mucho de ustedes, en cambio no lo es para m\u00ed. Es el \u00faltimo &hellip; <\/p>\n<p><a class=\"more-link btn\" href=\"https:\/\/siglo21digital.com.ar\/?p=71\">Continue reading<\/a><\/p>\n","protected":false},"author":2,"featured_media":0,"comment_status":"open","ping_status":"open","sticky":false,"template":"","format":"standard","meta":{"_jetpack_memberships_contains_paid_content":false,"footnotes":""},"categories":[1],"tags":[],"class_list":["post-71","post","type-post","status-publish","format-standard","hentry","category-uncategorized","item-wrap"],"aioseo_notices":[],"jetpack_featured_media_url":"","jetpack_sharing_enabled":true,"_links":{"self":[{"href":"https:\/\/siglo21digital.com.ar\/index.php?rest_route=\/wp\/v2\/posts\/71","targetHints":{"allow":["GET"]}}],"collection":[{"href":"https:\/\/siglo21digital.com.ar\/index.php?rest_route=\/wp\/v2\/posts"}],"about":[{"href":"https:\/\/siglo21digital.com.ar\/index.php?rest_route=\/wp\/v2\/types\/post"}],"author":[{"embeddable":true,"href":"https:\/\/siglo21digital.com.ar\/index.php?rest_route=\/wp\/v2\/users\/2"}],"replies":[{"embeddable":true,"href":"https:\/\/siglo21digital.com.ar\/index.php?rest_route=%2Fwp%2Fv2%2Fcomments&post=71"}],"version-history":[{"count":1,"href":"https:\/\/siglo21digital.com.ar\/index.php?rest_route=\/wp\/v2\/posts\/71\/revisions"}],"predecessor-version":[{"id":73,"href":"https:\/\/siglo21digital.com.ar\/index.php?rest_route=\/wp\/v2\/posts\/71\/revisions\/73"}],"wp:attachment":[{"href":"https:\/\/siglo21digital.com.ar\/index.php?rest_route=%2Fwp%2Fv2%2Fmedia&parent=71"}],"wp:term":[{"taxonomy":"category","embeddable":true,"href":"https:\/\/siglo21digital.com.ar\/index.php?rest_route=%2Fwp%2Fv2%2Fcategories&post=71"},{"taxonomy":"post_tag","embeddable":true,"href":"https:\/\/siglo21digital.com.ar\/index.php?rest_route=%2Fwp%2Fv2%2Ftags&post=71"}],"curies":[{"name":"wp","href":"https:\/\/api.w.org\/{rel}","templated":true}]}}