{"id":68,"date":"2023-07-11T23:56:24","date_gmt":"2023-07-11T23:56:24","guid":{"rendered":"https:\/\/siglo21digital.com.ar\/?p=68"},"modified":"2023-07-11T23:56:24","modified_gmt":"2023-07-11T23:56:24","slug":"desde-la-uader-desmintieron-a-la-exdirectora-de-la-escuela-normal-de-parana","status":"publish","type":"post","link":"https:\/\/siglo21digital.com.ar\/?p=68","title":{"rendered":"Desde la Uader desmintieron a la exdirectora de la Escuela Normal de Paran\u00e1"},"content":{"rendered":"\r\n<p><img fetchpriority=\"high\" decoding=\"async\" class=\"alignnone size-medium wp-image-79\" src=\"http:\/\/siglo21digital.com.ar\/wp-content\/uploads\/2023\/07\/esc-normal-300x250.png\" alt=\"\" width=\"300\" height=\"250\" srcset=\"https:\/\/siglo21digital.com.ar\/wp-content\/uploads\/2023\/07\/esc-normal-300x250.png 300w, https:\/\/siglo21digital.com.ar\/wp-content\/uploads\/2023\/07\/esc-normal.png 631w\" sizes=\"(max-width: 300px) 100vw, 300px\" \/><\/p>\r\n<p>&nbsp;<\/p>\r\n<p>A trav\u00e9s de un comunicado, la secretaria de Escuelas de la Facultad de Humanidades de la Uader, Mar\u00eda Sol Barrera, explic\u00f3 que el cargo de Mar\u00eda Fernanda Casualde era \u201ctransitorio\u201d por una decisi\u00f3n que el Consejo Directivo de la Facultad tom\u00f3 en la reuni\u00f3n realizada en marzo pasado \u2022 \u201cDebe quedar muy claro que la exdirectora cumpli\u00f3 su per\u00edodo asignado\u201d, agreg\u00f3<br \/><br \/>Luego del descargo presentado ayer por la ahora exdirectora del nivel primario de la Escuela Normal de Paran\u00e1, Mar\u00eda Fernanda Casualde, la secretaria de Escuelas de la Facultad de Humanidades de la Uader, Mar\u00eda Sol Barrera, sali\u00f3 a desmentirla.<br \/><br \/>Seg\u00fan se indic\u00f3 a trav\u00e9s de un comunicado enviado a esta Agencia, Barrera explic\u00f3 que la designaci\u00f3n como autoridad de Casualde era de car\u00e1cter transitorio: \u201cAclarar que era directora transitoria en la Escuela Normal. As\u00ed fue designada en 2019 y corresponde a la Secretar\u00eda de Escuela elevar los per\u00edodos de sus designaciones, que se tratan en el Consejo Directivo de la Facultad, que es el \u00f3rgano de mayor gobierno que tenemos en la Facultad de Humanidades\u201d.<br \/><br \/>En ese sentido, detall\u00f3 que su per\u00edodo de continuidad fue tratado en la reuni\u00f3n de Consejo llevada a cabo en marzo a partir del informe de desempe\u00f1o que se le realizan a todos los directivos de las escuelas dependientes de la Universidad.<br \/><br \/>\u201cHay un desempe\u00f1o que se eleva en ese expediente, y en base a ese informe se sugiere un per\u00edodo de sucesi\u00f3n transitorio como lo hacemos con otros docentes. Cumple un tiempo determinado y en esos t\u00e9rminos, fue aprobado por el Consejo Directivo, tratado en comisi\u00f3n, evaluado y aprobado. Debe quedar muy claro que la ex directora cumpli\u00f3 su per\u00edodo asignado\u201d, enfatiz\u00f3.<br \/><br \/>Y agreg\u00f3: \u201cSu designaci\u00f3n y su per\u00edodo de designaci\u00f3n est\u00e1 expl\u00edcito en la parte resolutiva que se menciona en el comunicado 281\/23. La profesora fue notificada de esa resoluci\u00f3n el 31 de marzo de este a\u00f1o, es decir, estaba en conocimiento. Esta notificaci\u00f3n es oficial, no es un mero env\u00edo de correo electr\u00f3nico como se public\u00f3. Es una notificaci\u00f3n oficial que solicito al \u00e1rea de despacho, donde le inform\u00f3 que voy a cumplir con el proceso administrativo que corresponde, dado su designaci\u00f3n\u201d.<br \/><br \/>\u2022 Acerca de la denuncia radicada hacia la Cooperadora<br \/><br \/>Por otra parte, Barrera se refiri\u00f3 a la denuncia que Barrera realiz\u00f3 ante el Ministerio P\u00fablico Fiscal en la que manifiesta supuestas irregularidades por parte de la Cooperado de la Escuela Primaria.<br \/><br \/>\u201cCabe aclarar que la denuncia que ella radica es posterior a la notificaci\u00f3n que le hago. Tambi\u00e9n cabr\u00eda preguntarse, si ella ocupaba un cargo desde 2019, por qu\u00e9 no la hizo antes. La v\u00eda por la que realiza la denuncia es externa a la instituci\u00f3n\u201d, dijo al tiempo que neg\u00f3 que la ahora exdirectora haya mencionado las supuestas irregularidades ante las autoridades de la Universidad.<br \/><br \/>Por \u00faltimo indic\u00f3: \u201cEn ese punto, creemos que hay una intenci\u00f3n de generar una preocupaci\u00f3n en la comunidad, un da\u00f1o institucional porque se nombran a unas personas y no al resto. Es algo que nos preocupa y nos duele. No es una decisi\u00f3n que se haya tomado de la cual ella no haya estado en conocimiento\u201d. (APFDigital)<\/p>\r\n","protected":false},"excerpt":{"rendered":"<p>&nbsp; A trav\u00e9s de un comunicado, la secretaria de Escuelas de la Facultad de Humanidades de la Uader, Mar\u00eda Sol Barrera, explic\u00f3 que el cargo de Mar\u00eda Fernanda Casualde era \u201ctransitorio\u201d por una decisi\u00f3n que el Consejo Directivo de la Facultad tom\u00f3 en la reuni\u00f3n realizada en marzo pasado \u2022 \u201cDebe quedar muy claro que &hellip; <\/p>\n<p><a class=\"more-link btn\" href=\"https:\/\/siglo21digital.com.ar\/?p=68\">Continue reading<\/a><\/p>\n","protected":false},"author":2,"featured_media":0,"comment_status":"open","ping_status":"open","sticky":false,"template":"","format":"standard","meta":{"_jetpack_memberships_contains_paid_content":false,"footnotes":""},"categories":[1],"tags":[],"class_list":["post-68","post","type-post","status-publish","format-standard","hentry","category-uncategorized","item-wrap"],"aioseo_notices":[],"jetpack_featured_media_url":"","jetpack_sharing_enabled":true,"_links":{"self":[{"href":"https:\/\/siglo21digital.com.ar\/index.php?rest_route=\/wp\/v2\/posts\/68","targetHints":{"allow":["GET"]}}],"collection":[{"href":"https:\/\/siglo21digital.com.ar\/index.php?rest_route=\/wp\/v2\/posts"}],"about":[{"href":"https:\/\/siglo21digital.com.ar\/index.php?rest_route=\/wp\/v2\/types\/post"}],"author":[{"embeddable":true,"href":"https:\/\/siglo21digital.com.ar\/index.php?rest_route=\/wp\/v2\/users\/2"}],"replies":[{"embeddable":true,"href":"https:\/\/siglo21digital.com.ar\/index.php?rest_route=%2Fwp%2Fv2%2Fcomments&post=68"}],"version-history":[{"count":2,"href":"https:\/\/siglo21digital.com.ar\/index.php?rest_route=\/wp\/v2\/posts\/68\/revisions"}],"predecessor-version":[{"id":80,"href":"https:\/\/siglo21digital.com.ar\/index.php?rest_route=\/wp\/v2\/posts\/68\/revisions\/80"}],"wp:attachment":[{"href":"https:\/\/siglo21digital.com.ar\/index.php?rest_route=%2Fwp%2Fv2%2Fmedia&parent=68"}],"wp:term":[{"taxonomy":"category","embeddable":true,"href":"https:\/\/siglo21digital.com.ar\/index.php?rest_route=%2Fwp%2Fv2%2Fcategories&post=68"},{"taxonomy":"post_tag","embeddable":true,"href":"https:\/\/siglo21digital.com.ar\/index.php?rest_route=%2Fwp%2Fv2%2Ftags&post=68"}],"curies":[{"name":"wp","href":"https:\/\/api.w.org\/{rel}","templated":true}]}}