{"id":5013,"date":"2025-06-24T00:19:00","date_gmt":"2025-06-24T03:19:00","guid":{"rendered":"https:\/\/siglo21digital.com.ar\/?p=5013"},"modified":"2025-06-23T21:23:28","modified_gmt":"2025-06-24T00:23:28","slug":"el-campo-busca-evitar-la-reforma-del-gobierno-en-el-inta","status":"publish","type":"post","link":"https:\/\/siglo21digital.com.ar\/?p=5013","title":{"rendered":"El campo busca evitar la reforma del Gobierno en el INTA"},"content":{"rendered":"<p><img fetchpriority=\"high\" decoding=\"async\" class=\"alignnone size-medium wp-image-5014\" src=\"http:\/\/siglo21digital.com.ar\/wp-content\/uploads\/2025\/06\/inta-busca-300x169.jpg\" alt=\"\" width=\"300\" height=\"169\" srcset=\"https:\/\/siglo21digital.com.ar\/wp-content\/uploads\/2025\/06\/inta-busca-300x169.jpg 300w, https:\/\/siglo21digital.com.ar\/wp-content\/uploads\/2025\/06\/inta-busca.jpg 700w\" sizes=\"(max-width: 300px) 100vw, 300px\" \/><\/p>\n<p><strong>En medio de las reformas que el gobierno nacional impulsa en el Instituto Nacional de Tecnolog\u00eda Agropecuaria (INTA),<\/strong>\u00a0siete integrantes del Consejo Directivo del organismo le\u00a0<strong>enviaron una carta al ministro de Desregulaci\u00f3n y Transformaci\u00f3n del Estado, Federico Sturzenegger,<\/strong>\u00a0para solicitar una reuni\u00f3n de car\u00e1cter \u201curgente\u201d.<\/p>\n<p>Seg\u00fan detallaron, el objetivo es contarle al funcionario qu\u00e9 hizo el ente en los \u00faltimos meses y tambi\u00e9n plantear las preocupaciones que existen sobre si finalmente sale el decreto que impulsa el Gobierno.<strong>\u00a0Por ahora no tuvieron respuesta al planteo.<\/strong><\/p>\n<p>\u201cLe enviamos una nota pidiendo una reuni\u00f3n, con la idea de\u00a0<strong>contarle lo que hemos hecho hasta ahora desde el INTA, porque por ah\u00ed no tiene claro todo lo que venimos haciendo. Y tambi\u00e9n contarle las cosas que pueden llegar a pasar si se avanza con lo que ellos est\u00e1n planteando\u201d,<\/strong>\u00a0explic\u00f3\u00a0<strong>Sergio Melgarejo,<\/strong>\u00a0integrante del Consejo Directivo en representaci\u00f3n de\u00a0<strong>Confederaciones Rurales Argentinas (CRA).<\/strong><\/p>\n<p>La carta fue enviada el martes pasado y lleva las firmas de los representantes de<strong>\u00a0Coninagro, CRA, Federaci\u00f3n Agraria Argentina, Sociedad Rural Argentina (SRA), CREA y de las facultades de Agronom\u00eda y de Ciencias Veterinarias de universidades nacionales.<\/strong>\u00a0Todos ellos integran el Consejo Directivo Nacional, que es la\u00a0<strong>m\u00e1xima autoridad del INTA.<\/strong><\/p>\n<p>En el texto expresaron que solicitan el encuentro debido a\u00a0<strong>\u201ctrascendidos y versiones de p\u00fablico conocimiento respecto de una posible modificaci\u00f3n que altere la autarqu\u00eda y el modelo de gobernanza que ata\u00f1en hist\u00f3ricamente a la instituci\u00f3n\u201d.<\/strong>\u00a0Seg\u00fan explicaron, la intenci\u00f3n es intercambiar opiniones, mostrar el trabajo que se realiza dentro del organismo y dar una se\u00f1al de continuidad, tanto al personal como a la sociedad en general.<\/p>\n<p>Consideraron que el encuentro ser\u00eda<strong>\u00a0\u201cuna gran oportunidad para ambas partes\u201d,<\/strong>\u00a0ya que permitir\u00eda compartir los avances logrados, los planes a futuro y\u00a0<strong>\u201cbrindar se\u00f1ales claras de estabilidad y continuidad, tanto hacia adentro de la organizaci\u00f3n como hacia la sociedad en su conjunto\u201d.<\/strong><\/p>\n<p>En ese sentido, Melgarejo advirti\u00f3 que si el decreto avanza tal como circula se ver\u00edan afectadas tres cuestiones centrales del funcionamiento del INTA: la gobernanza, la autonom\u00eda financiera y administrativa y el trabajo territorial. \u201cNos hablan de alterar o modificar de alguna manera los consejos regionales, que para nosotros son muy importantes porque son los ojos del Consejo Directivo en el territorio.<strong>\u00a0Esos consejos tambi\u00e9n est\u00e1n manejados por productores y son los que nos mantienen informados de lo que pasa en cada zona. Desarmar eso es perder la visi\u00f3n territorial que tiene el INTA\u201d,<\/strong>\u00a0dijo.<\/p>\n<p>Aunque\u00a0<strong>hasta el momento no recibieron una respuesta oficial al pedido de reuni\u00f3n,<\/strong>\u00a0los consejeros esperan que se abra una instancia de di\u00e1logo. \u201cCreemos que lo que el Gobierno quiere hacer\u00a0<strong>se podr\u00eda discutir con la l\u00ednea t\u00e9cnica del INTA y con los aportes del sector privado. Se puede hacer de otra manera.<\/strong>\u00a0Llevar\u00e1 m\u00e1s tiempo, quiz\u00e1s, pero ser\u00eda mejor para todos\u201d, afirm\u00f3 Melgarejo.<\/p>\n<p><strong>\u201cEl INTA funcion\u00f3 bien durante 70 a\u00f1os, con distintos gobiernos y distintos manejos.<\/strong>\u00a0Lo que se mantuvo siempre fue su estructura: la gobernanza, la descentralizaci\u00f3n y la territorialidad. Eso es lo que hizo fuerte al instituto.<strong>\u00a0Si se pierde eso, se pierde el coraz\u00f3n del INTA\u201d,<\/strong>\u00a0agreg\u00f3.<\/p>\n<p>En este contexto, el consejero tambi\u00e9n advirti\u00f3 sobre el clima de incertidumbre y temor que se vive en el organismo.\u00a0<strong>\u201cLa gente est\u00e1 muy preocupada, pensando todos los d\u00edas qu\u00e9 va a pasar con su futuro dentro del instituto.<\/strong>\u00a0No s\u00e9 si est\u00e1n paralizados, pero s\u00ed hay mucho miedo. Y eso afecta el trabajo diario\u201d, dijo.<\/p>\n<p><strong>\u201cTenemos que solucionar esto con di\u00e1logo.<\/strong>\u00a0Estar\u00eda bueno que podamos sentarnos en una mesa, donde cada uno exponga su mirada, y que entre todos podamos acordar c\u00f3mo seguir.\u00a0<strong>Eso es lo que siempre se hizo en el INTA, y eso es lo que pedimos ahora\u201d,<\/strong>\u00a0concluy\u00f3.<\/p>\n","protected":false},"excerpt":{"rendered":"<p>En medio de las reformas que el gobierno nacional impulsa en el Instituto Nacional de Tecnolog\u00eda Agropecuaria (INTA),\u00a0siete integrantes del Consejo Directivo del organismo le\u00a0enviaron una carta al ministro de Desregulaci\u00f3n y Transformaci\u00f3n del Estado, Federico Sturzenegger,\u00a0para solicitar una reuni\u00f3n de car\u00e1cter \u201curgente\u201d. Seg\u00fan detallaron, el objetivo es contarle al funcionario qu\u00e9 hizo el ente &hellip; <\/p>\n<p><a class=\"more-link btn\" href=\"https:\/\/siglo21digital.com.ar\/?p=5013\">Continue reading<\/a><\/p>\n","protected":false},"author":2,"featured_media":0,"comment_status":"open","ping_status":"open","sticky":false,"template":"","format":"standard","meta":{"_jetpack_memberships_contains_paid_content":false,"footnotes":""},"categories":[1],"tags":[],"class_list":["post-5013","post","type-post","status-publish","format-standard","hentry","category-uncategorized","item-wrap"],"aioseo_notices":[],"jetpack_featured_media_url":"","jetpack_sharing_enabled":true,"_links":{"self":[{"href":"https:\/\/siglo21digital.com.ar\/index.php?rest_route=\/wp\/v2\/posts\/5013","targetHints":{"allow":["GET"]}}],"collection":[{"href":"https:\/\/siglo21digital.com.ar\/index.php?rest_route=\/wp\/v2\/posts"}],"about":[{"href":"https:\/\/siglo21digital.com.ar\/index.php?rest_route=\/wp\/v2\/types\/post"}],"author":[{"embeddable":true,"href":"https:\/\/siglo21digital.com.ar\/index.php?rest_route=\/wp\/v2\/users\/2"}],"replies":[{"embeddable":true,"href":"https:\/\/siglo21digital.com.ar\/index.php?rest_route=%2Fwp%2Fv2%2Fcomments&post=5013"}],"version-history":[{"count":1,"href":"https:\/\/siglo21digital.com.ar\/index.php?rest_route=\/wp\/v2\/posts\/5013\/revisions"}],"predecessor-version":[{"id":5015,"href":"https:\/\/siglo21digital.com.ar\/index.php?rest_route=\/wp\/v2\/posts\/5013\/revisions\/5015"}],"wp:attachment":[{"href":"https:\/\/siglo21digital.com.ar\/index.php?rest_route=%2Fwp%2Fv2%2Fmedia&parent=5013"}],"wp:term":[{"taxonomy":"category","embeddable":true,"href":"https:\/\/siglo21digital.com.ar\/index.php?rest_route=%2Fwp%2Fv2%2Fcategories&post=5013"},{"taxonomy":"post_tag","embeddable":true,"href":"https:\/\/siglo21digital.com.ar\/index.php?rest_route=%2Fwp%2Fv2%2Ftags&post=5013"}],"curies":[{"name":"wp","href":"https:\/\/api.w.org\/{rel}","templated":true}]}}