{"id":427,"date":"2023-09-28T21:48:39","date_gmt":"2023-09-28T21:48:39","guid":{"rendered":"https:\/\/siglo21digital.com.ar\/?p=427"},"modified":"2023-09-28T21:48:39","modified_gmt":"2023-09-28T21:48:39","slug":"la-gripe-aviar-y-la-situacion-economica-motivos-para-la-decision-conjunta-de-suspender-la-fna-en-crespo","status":"publish","type":"post","link":"https:\/\/siglo21digital.com.ar\/?p=427","title":{"rendered":"LA GRIPE AVIAR Y LA SITUACI\u00d3N ECON\u00d3MICA: MOTIVOS PARA LA DECISI\u00d3N CONJUNTA DE SUSPENDER LA FNA EN CRESPO"},"content":{"rendered":"<p><img decoding=\"async\" class=\"alignnone size-medium wp-image-428\" src=\"http:\/\/siglo21digital.com.ar\/wp-content\/uploads\/2023\/09\/fnagvic-300x150.jpg\" alt=\"\" width=\"300\" height=\"150\" srcset=\"https:\/\/siglo21digital.com.ar\/wp-content\/uploads\/2023\/09\/fnagvic-300x150.jpg 300w, https:\/\/siglo21digital.com.ar\/wp-content\/uploads\/2023\/09\/fnagvic-1024x512.jpg 1024w, https:\/\/siglo21digital.com.ar\/wp-content\/uploads\/2023\/09\/fnagvic-768x384.jpg 768w, https:\/\/siglo21digital.com.ar\/wp-content\/uploads\/2023\/09\/fnagvic-750x375.jpg 750w, https:\/\/siglo21digital.com.ar\/wp-content\/uploads\/2023\/09\/fnagvic.jpg 1280w\" sizes=\"(max-width: 300px) 100vw, 300px\" \/><\/p>\n<p>La conocida y esperada FNA es realmente una fiesta para los crespenses que convoca a los habitantes de la zona y regi\u00f3n. Su organizaci\u00f3n es un proceso de todo el a\u00f1o donde los distintos actores como los empresarios, los macrosponsors y el municipio trabajan en conjunto en las mejores decisiones para llegar a noviembre con lo que conoce la Fiesta Nacional de la Avicultura.<\/p>\n<p>Este a\u00f1o, los casos de Gripe Aviar en el pa\u00eds y las consecuencias en la industria av\u00edcola, sumado a la sequ\u00eda y la situaci\u00f3n econ\u00f3mica, fueron algunos de los factores que afectaron la determinaci\u00f3n de suspender la edici\u00f3n 31\u00aa de la Fiesta Nacional de la Avicultura, tal como se la conoce habitualmente.\u00a0 \u201cHemos tomado esta decisi\u00f3n en conjunto con los empresarios y macrosponsors\u201d, expres\u00f3 el presidente de la Asociaci\u00f3n Civil Crespo Capital de la Avicultura, Luis Niderhaus.<\/p>\n<p>Por su parte, el intendente Dar\u00edo Schneider manifest\u00f3 que \u201cno estamos para Fiestas, sino para decisiones responsables. As\u00ed que no podemos estar ajenos con esta situaci\u00f3n. Hoy por hoy, nuestro trabajo es estar atentos y acompa\u00f1ar al sector, la empresa, al productor y la familia que trabaja todos los d\u00edas en la avicultura\u201d.<\/p>\n<p>En este contexto, el presidente municipal agreg\u00f3 que: \u201cla Fiesta va a estar presente en el 2023, pero con una marat\u00f3n, el concurso del pollo al disco, charlas t\u00e9cnicas para el sector y alg\u00fan espect\u00e1culo cultural para disfrutar el momento y acompa\u00f1ar esta realizaci\u00f3n\u201d.<\/p>\n<p>Desde Calisa, Horacio Cabrera, gerente de producci\u00f3n consider\u00f3 esta decisi\u00f3n como \u201cun acto de madurez. Calisa es una empresa s\u00f3lida pero debido a lo ya mencionado, debimos aminorar las inversiones. Estamos en un clima de trabajo y de responsabilidad\u201d.<\/p>\n<p>Schneider concluy\u00f3: \u201cEs una noticia de la que no nos gusta dar\u201d, pero a la vez dej\u00f3 un mensaje esperanzador \u201clos argentinos y los entrerrianos tenemos esta fuerza de salir adelante porque todos somos gente de trabajo\u201d.<\/p>\n","protected":false},"excerpt":{"rendered":"<p>La conocida y esperada FNA es realmente una fiesta para los crespenses que convoca a los habitantes de la zona y regi\u00f3n. Su organizaci\u00f3n es un proceso de todo el a\u00f1o donde los distintos actores como los empresarios, los macrosponsors y el municipio trabajan en conjunto en las mejores decisiones para llegar a noviembre con &hellip; <\/p>\n<p><a class=\"more-link btn\" href=\"https:\/\/siglo21digital.com.ar\/?p=427\">Continue reading<\/a><\/p>\n","protected":false},"author":2,"featured_media":0,"comment_status":"open","ping_status":"open","sticky":false,"template":"","format":"standard","meta":{"_jetpack_memberships_contains_paid_content":false,"footnotes":""},"categories":[1],"tags":[],"class_list":["post-427","post","type-post","status-publish","format-standard","hentry","category-uncategorized","item-wrap"],"aioseo_notices":[],"jetpack_featured_media_url":"","jetpack_sharing_enabled":true,"_links":{"self":[{"href":"https:\/\/siglo21digital.com.ar\/index.php?rest_route=\/wp\/v2\/posts\/427","targetHints":{"allow":["GET"]}}],"collection":[{"href":"https:\/\/siglo21digital.com.ar\/index.php?rest_route=\/wp\/v2\/posts"}],"about":[{"href":"https:\/\/siglo21digital.com.ar\/index.php?rest_route=\/wp\/v2\/types\/post"}],"author":[{"embeddable":true,"href":"https:\/\/siglo21digital.com.ar\/index.php?rest_route=\/wp\/v2\/users\/2"}],"replies":[{"embeddable":true,"href":"https:\/\/siglo21digital.com.ar\/index.php?rest_route=%2Fwp%2Fv2%2Fcomments&post=427"}],"version-history":[{"count":1,"href":"https:\/\/siglo21digital.com.ar\/index.php?rest_route=\/wp\/v2\/posts\/427\/revisions"}],"predecessor-version":[{"id":429,"href":"https:\/\/siglo21digital.com.ar\/index.php?rest_route=\/wp\/v2\/posts\/427\/revisions\/429"}],"wp:attachment":[{"href":"https:\/\/siglo21digital.com.ar\/index.php?rest_route=%2Fwp%2Fv2%2Fmedia&parent=427"}],"wp:term":[{"taxonomy":"category","embeddable":true,"href":"https:\/\/siglo21digital.com.ar\/index.php?rest_route=%2Fwp%2Fv2%2Fcategories&post=427"},{"taxonomy":"post_tag","embeddable":true,"href":"https:\/\/siglo21digital.com.ar\/index.php?rest_route=%2Fwp%2Fv2%2Ftags&post=427"}],"curies":[{"name":"wp","href":"https:\/\/api.w.org\/{rel}","templated":true}]}}