{"id":149,"date":"2023-07-24T19:01:21","date_gmt":"2023-07-24T19:01:21","guid":{"rendered":"https:\/\/siglo21digital.com.ar\/?p=149"},"modified":"2023-07-24T19:01:21","modified_gmt":"2023-07-24T19:01:21","slug":"crespo-trabajamos-para-inaugurar-el-cuarto-jardin-municipal","status":"publish","type":"post","link":"https:\/\/siglo21digital.com.ar\/?p=149","title":{"rendered":"CRESPO: &#8220;TRABAJAMOS PARA INAUGURAR EL CUARTO JARD\u00cdN MUNICIPAL&#8221;"},"content":{"rendered":"<div class=\"post-header\">\n<div class=\"post-meta vcard\">\n<p>&nbsp;<\/p>\n<p><img decoding=\"async\" class=\"alignnone size-medium wp-image-150\" src=\"http:\/\/siglo21digital.com.ar\/wp-content\/uploads\/2023\/07\/cuarto-jardin-300x150.jpg\" alt=\"\" width=\"300\" height=\"150\" srcset=\"https:\/\/siglo21digital.com.ar\/wp-content\/uploads\/2023\/07\/cuarto-jardin-300x150.jpg 300w, https:\/\/siglo21digital.com.ar\/wp-content\/uploads\/2023\/07\/cuarto-jardin-1024x512.jpg 1024w, https:\/\/siglo21digital.com.ar\/wp-content\/uploads\/2023\/07\/cuarto-jardin-768x384.jpg 768w, https:\/\/siglo21digital.com.ar\/wp-content\/uploads\/2023\/07\/cuarto-jardin-750x375.jpg 750w, https:\/\/siglo21digital.com.ar\/wp-content\/uploads\/2023\/07\/cuarto-jardin.jpg 1280w\" sizes=\"(max-width: 300px) 100vw, 300px\" \/><\/p>\n<p><strong>El cuarto jard\u00edn para la Primera Infancia ya es una realidad.<\/strong>\u00a0A buen ritmo se trabaja en el \u00a0predio de \u2018La Estaci\u00f3n\u2019 donde funcionar\u00e1 a partir del 31 de julio.\u00a0<strong>Est\u00e1 destinado a ni\u00f1os y ni\u00f1as de 1 y 2 a\u00f1os de edad y las inscripciones se pueden realizar en el Centro Cultural Municipal de La Estaci\u00f3n, se inform\u00f3 desde la Municipalidad de Crespo.<\/strong><\/p>\n<\/div>\n<\/div>\n<div class=\"post-wrap\">\n<div class=\"post-content entry-content\">\n<p>Al respecto las autoridades municipales presentaron el avance de obra cuyo monto de las refacciones edilicias, hasta el momento, es de 17.200.000.- Este proyecto educativo cont\u00f3 con aporte de Naci\u00f3n de 1.750.000.- en el marco del Programa Primera infancia del Ministerio de Desarrollo Social de la Naci\u00f3n.<\/p>\n<p>Sobre el tema, \u00a0el intendente Dar\u00edo Schneider manifest\u00f3 sentirse \u201ccontento por esta nueva realizaci\u00f3n sobre todo por tener un espacio m\u00e1s para la familia, para los ni\u00f1os y su educaci\u00f3n\u201d. A la vez\u00a0 consider\u00f3 que<strong>\u00a0\u201cestos espacios son trascendentales para el desarrollo y crecimiento de la ciudad\u201d<\/strong>.<\/p>\n<p>Schneider explic\u00f3 que el jard\u00edn va a funcionar en el \u201cpabell\u00f3n del ferrocarril que anteriormente, estaba destinado a otras \u00e1reas dentro del municipio. Ahora, se va a usar para poner en funciones este Espacio de Primera Infancia\u201d. A la vez, mencion\u00f3 que, \u201cla obra est\u00e1 muy avanzada. Se reciclaron algunas cosas, se est\u00e1 comprando el mobiliario y se est\u00e1 en la etapa de pintura. Estas obras, le dan sentido al esfuerzo y trabajo que se lleva adelante desde la gesti\u00f3n. Es un gran servicio a la familia crespense\u201d.<\/p>\n<p>Este cuarto jard\u00edn, al que se va a elegir el nombre junto a las familias, va a contar con dos salita, sanitarios, cocina y un lugar para los docentes y sector de juegos, adem\u00e1s de una rampa de acceso.<\/p>\n<p>Por su parte la secretaria de Gobierno y Desarrollo Humano, Vanesa Pusineri, manifest\u00f3 que<strong>\u00a0\u201ces la primera experiencia de un espacio municipal con los m\u00e1s peque\u00f1os, es decir, con los ni\u00f1os de 1 y 2 a\u00f1os\u201d<\/strong>.<\/p>\n<p>Con respecto a las inscripciones e inicio de clases, Pusineri\u00a0cont\u00f3 que \u201cya estuvimos haciendo una primera etapa de preinscripci\u00f3n. Invitamos a las familias que tengan intenciones de conocer m\u00e1s sobre el jard\u00edn que se acerquen a \u2018La Estaci\u00f3n\u2019 porque a\u00fan quedan unos d\u00edas para la inscripci\u00f3n. Las actividades de inicio para unos 20 ni\u00f1os est\u00e1n previstas para el lunes 31 de julio\u201d.<\/p>\n<p>En cuanto a la parte de salud, en este nuevo jard\u00edn, Marcelo Cerutti, tambi\u00e9n lo consider\u00f3 que se est\u00e1 analizando c\u00f3mo\u00a0<strong>continuar con la misma l\u00ednea de los otros espacios maternales donde cuentan con pediatras, odont\u00f3logas para los controles de los m\u00e1s peque\u00f1os.<\/strong><\/p>\n<p>A lo que Pusineri agreg\u00f3 al cuerpo de profesionales que trabajar\u00e1n en este cuarto jard\u00edn, adem\u00e1s de los docentes, t\u00e9cnicos, psic\u00f3logos, psicopedagogos y trabajadores sociales para \u201cacompa\u00f1ar a las familias en lo que es la crianza de los m\u00e1s peque\u00f1os\u201d.<\/p>\n<p>&nbsp;<\/p>\n<p><strong>JARDINES<\/strong><\/p>\n<p><strong>M\u00e1s de 200 ni\u00f1os de\u00a0dos a cuatro a\u00f1os asisten a clases en los tres jardines maternales que coordina la Municipalidad de Crespo.<\/strong>\u00a0Los menores reciben su desayuno, almuerzo y atenci\u00f3n pedi\u00e1trica y seguimientos. En estos espacios, se desarrollan talleres de psicomotricidad y estimulaci\u00f3n del lenguaje, educaci\u00f3n f\u00edsica, arte y adem\u00e1s, juegan y acceden a una alimentaci\u00f3n nutritiva para vivir una infancia saludable. Los ni\u00f1os y ni\u00f1as reciben cuidados, protecci\u00f3n y estimulaci\u00f3n temprana para crecer sanos en cada uno de sus barrios, desarrollar el lenguaje, las emociones y fortalecer los v\u00ednculos familiares.<\/p>\n<ul>\n<li><strong>Jard\u00edn Municipal \u2018Arco Iris\u2019<\/strong>: Funciona desde 1983 en el Centro Comunitario \u2018Salustiano Minguill\u00f3n\u2019, del Barrio Azul. Asisten m\u00e1s de 90 alumnos de dos a\u00f1os hasta los cuatro.<\/li>\n<li><strong>Jard\u00edn Municipal \u2018Barrilete de Colores\u2019<\/strong>: Creado en 2017, en el barrio San Miguel. Funciona en las instalaciones del Centro Familiar Cristiano, mediante el convenio con la Iglesia Evang\u00e9lica Congregacional. En sus inicios, su matr\u00edcula era de 30 ni\u00f1os y contaba con dos salitas de jard\u00edn maternal. Actualmente, brinda atenci\u00f3n pedi\u00e1trica y odontol\u00f3gica gratuita.<\/li>\n<li><strong>Jard\u00edn Municipal \u2018Mi Nidito\u2019:<\/strong>\u00a0Luego de la creaci\u00f3n del N\u00facleo de Innovaci\u00f3n y Desarrollo de Oportunidades \u2018Dr. Adolfo Goldenberg\u2019 (NIDO), en 2018 abri\u00f3 sus puertas en Barrio Norte este jard\u00edn, donde adem\u00e1s se usa sus instalaciones para espacios de salud.<\/li>\n<\/ul>\n<p>En estos tres espacios funcionan los centros de salud de la Sala San Miguel, Centro Comunitario y Edificio Nido donde se trabaja en la prevenci\u00f3n y atenci\u00f3n primaria.\u00a0Un equipo de m\u00e9dicos, psic\u00f3logos, nutricionistas, psicopedagogos, entre otros para\u00a0asistir a miles de personas.<\/p>\n<\/div>\n<\/div>\n","protected":false},"excerpt":{"rendered":"<p>&nbsp; El cuarto jard\u00edn para la Primera Infancia ya es una realidad.\u00a0A buen ritmo se trabaja en el \u00a0predio de \u2018La Estaci\u00f3n\u2019 donde funcionar\u00e1 a partir del 31 de julio.\u00a0Est\u00e1 destinado a ni\u00f1os y ni\u00f1as de 1 y 2 a\u00f1os de edad y las inscripciones se pueden realizar en el Centro Cultural Municipal de La &hellip; <\/p>\n<p><a class=\"more-link btn\" href=\"https:\/\/siglo21digital.com.ar\/?p=149\">Continue reading<\/a><\/p>\n","protected":false},"author":2,"featured_media":0,"comment_status":"open","ping_status":"open","sticky":false,"template":"","format":"standard","meta":{"_jetpack_memberships_contains_paid_content":false,"footnotes":""},"categories":[1],"tags":[],"class_list":["post-149","post","type-post","status-publish","format-standard","hentry","category-uncategorized","item-wrap"],"aioseo_notices":[],"jetpack_featured_media_url":"","jetpack_sharing_enabled":true,"_links":{"self":[{"href":"https:\/\/siglo21digital.com.ar\/index.php?rest_route=\/wp\/v2\/posts\/149","targetHints":{"allow":["GET"]}}],"collection":[{"href":"https:\/\/siglo21digital.com.ar\/index.php?rest_route=\/wp\/v2\/posts"}],"about":[{"href":"https:\/\/siglo21digital.com.ar\/index.php?rest_route=\/wp\/v2\/types\/post"}],"author":[{"embeddable":true,"href":"https:\/\/siglo21digital.com.ar\/index.php?rest_route=\/wp\/v2\/users\/2"}],"replies":[{"embeddable":true,"href":"https:\/\/siglo21digital.com.ar\/index.php?rest_route=%2Fwp%2Fv2%2Fcomments&post=149"}],"version-history":[{"count":2,"href":"https:\/\/siglo21digital.com.ar\/index.php?rest_route=\/wp\/v2\/posts\/149\/revisions"}],"predecessor-version":[{"id":152,"href":"https:\/\/siglo21digital.com.ar\/index.php?rest_route=\/wp\/v2\/posts\/149\/revisions\/152"}],"wp:attachment":[{"href":"https:\/\/siglo21digital.com.ar\/index.php?rest_route=%2Fwp%2Fv2%2Fmedia&parent=149"}],"wp:term":[{"taxonomy":"category","embeddable":true,"href":"https:\/\/siglo21digital.com.ar\/index.php?rest_route=%2Fwp%2Fv2%2Fcategories&post=149"},{"taxonomy":"post_tag","embeddable":true,"href":"https:\/\/siglo21digital.com.ar\/index.php?rest_route=%2Fwp%2Fv2%2Ftags&post=149"}],"curies":[{"name":"wp","href":"https:\/\/api.w.org\/{rel}","templated":true}]}}