{"id":14862,"date":"2026-04-28T19:57:18","date_gmt":"2026-04-28T22:57:18","guid":{"rendered":"https:\/\/siglo21digital.com.ar\/?p=14862"},"modified":"2026-04-28T19:57:18","modified_gmt":"2026-04-28T22:57:18","slug":"durante-20-anos-el-pj-miro-para-otro-lado-mientras-entre-rios-tenia-uno-de-los-peores-indicadores-de-suicidio-dijo-la-diputada-lena","status":"publish","type":"post","link":"https:\/\/siglo21digital.com.ar\/?p=14862","title":{"rendered":"\u201cDurante 20 a\u00f1os el PJ mir\u00f3 para otro lado mientras Entre R\u00edos ten\u00eda uno de los peores indicadores de suicidio\u201d, dijo la diputada Lena"},"content":{"rendered":"<blockquote><p><img fetchpriority=\"high\" decoding=\"async\" class=\"alignnone size-full wp-image-14863\" src=\"http:\/\/siglo21digital.com.ar\/wp-content\/uploads\/2026\/04\/md-12.webp\" alt=\"\" width=\"992\" height=\"657\" srcset=\"https:\/\/siglo21digital.com.ar\/wp-content\/uploads\/2026\/04\/md-12.webp 992w, https:\/\/siglo21digital.com.ar\/wp-content\/uploads\/2026\/04\/md-12-300x199.webp 300w, https:\/\/siglo21digital.com.ar\/wp-content\/uploads\/2026\/04\/md-12-768x509.webp 768w, https:\/\/siglo21digital.com.ar\/wp-content\/uploads\/2026\/04\/md-12-750x497.webp 750w\" sizes=\"(max-width: 992px) 100vw, 992px\" \/><\/p><\/blockquote>\n<p>La diputada provincial Gabriela Lena (UCR-JXER) se refiri\u00f3 a la exposici\u00f3n del ministro de Salud, Daniel Blanzaco, ante la C\u00e1mara de Diputados por la problem\u00e1tica del suicidio en Entre R\u00edos, y sostuvo que \u201cla gravedad de los datos obliga a hablar con seriedad, pero tambi\u00e9n con memoria\u201d.<\/p>\n<p>Lena dijo que Entre R\u00edos \u00abno lleg\u00f3 a esta situaci\u00f3n de un d\u00eda para el otro. Durante 20 a\u00f1os el peronismo gobern\u00f3 la provincia y no construy\u00f3 una pol\u00edtica p\u00fablica sostenida, territorial y eficaz para abordar la salud mental y la prevenci\u00f3n del suicidio. Hoy algunos pretenden descubrir el problema, pero durante d\u00e9cadas lo subestimaron, lo fragmentaron o directamente miraron para otro lado\u00bb, afirm\u00f3.<\/p>\n<p>La legisladora remarc\u00f3 que los datos expuestos por Salud \u201cson dolorosos y contundentes: En 2024 la provincia registr\u00f3 una tasa de mortalidad por suicidio de 13,5 cada 100.000 habitantes, con mayor incidencia en varones y situaciones cr\u00edticas en departamentos como Col\u00f3n, Federal, Victoria y Gualeguay\u00bb, puntualiz\u00f3.<\/p>\n<p>Y agreg\u00f3: \u00abAdem\u00e1s, entre julio de 2023 y febrero de 2026 se notificaron 841 intentos de suicidio en efectores p\u00fablicos, con fuerte impacto en j\u00f3venes. Estos n\u00fameros no pueden ser usados para la especulaci\u00f3n pol\u00edtica. Pero tampoco se puede permitir que quienes gobernaron dos d\u00e9cadas sin dar respuestas ahora pretendan pararse como fiscales. Si Entre R\u00edos tiene hoy indicadores tan preocupantes, es porque durante muchos a\u00f1os falt\u00f3 planificaci\u00f3n, prevenci\u00f3n, datos, presupuesto y presencia del Estado\u00bb, se\u00f1al\u00f3.<\/p>\n<p>Lena destac\u00f3 que la actual gesti\u00f3n \u201ctom\u00f3 una decisi\u00f3n pol\u00edtica concreta\u201d al reglamentar la Ley Provincial 10.605, de adhesi\u00f3n a la Ley Nacional de Prevenci\u00f3n del Suicidio, y al fortalecer el sistema de informaci\u00f3n, la red p\u00fablica de salud mental, las capacitaciones, los dispositivos de crisis y la articulaci\u00f3n con Educaci\u00f3n, municipios, universidades y organizaciones sociales.<\/p>\n<p>\u201cPor primera vez se est\u00e1 ordenando una pol\u00edtica p\u00fablica seria, con datos, presupuesto y conducci\u00f3n estatal. El 8,40 % del presupuesto de Salud destinado a salud mental para 2026 no es un gesto: es una decisi\u00f3n de gobierno\u201d, sostuvo.<\/p>\n<p>Finalmente, la diputada Lena, afirm\u00f3: \u201cLa salud mental no se resuelve con discursos ni con oportunismo legislativo. Se resuelve con Estado presente, inversi\u00f3n, prevenci\u00f3n y responsabilidad. El PJ tuvo 20 a\u00f1os para hacerlo y no lo hizo. Nosotros no vamos a esconder el problema: lo vamos a enfrentar\u201d, concluy\u00f3.<\/p>\n","protected":false},"excerpt":{"rendered":"<p>La diputada provincial Gabriela Lena (UCR-JXER) se refiri\u00f3 a la exposici\u00f3n del ministro de Salud, Daniel Blanzaco, ante la C\u00e1mara de Diputados por la problem\u00e1tica del suicidio en Entre R\u00edos, y sostuvo que \u201cla gravedad de los datos obliga a hablar con seriedad, pero tambi\u00e9n con memoria\u201d. Lena dijo que Entre R\u00edos \u00abno lleg\u00f3 a &hellip; <\/p>\n<p><a class=\"more-link btn\" href=\"https:\/\/siglo21digital.com.ar\/?p=14862\">Continue reading<\/a><\/p>\n","protected":false},"author":2,"featured_media":0,"comment_status":"open","ping_status":"open","sticky":false,"template":"","format":"standard","meta":{"_jetpack_memberships_contains_paid_content":false,"footnotes":""},"categories":[1],"tags":[],"class_list":["post-14862","post","type-post","status-publish","format-standard","hentry","category-uncategorized","item-wrap"],"aioseo_notices":[],"jetpack_featured_media_url":"","jetpack_sharing_enabled":true,"_links":{"self":[{"href":"https:\/\/siglo21digital.com.ar\/index.php?rest_route=\/wp\/v2\/posts\/14862","targetHints":{"allow":["GET"]}}],"collection":[{"href":"https:\/\/siglo21digital.com.ar\/index.php?rest_route=\/wp\/v2\/posts"}],"about":[{"href":"https:\/\/siglo21digital.com.ar\/index.php?rest_route=\/wp\/v2\/types\/post"}],"author":[{"embeddable":true,"href":"https:\/\/siglo21digital.com.ar\/index.php?rest_route=\/wp\/v2\/users\/2"}],"replies":[{"embeddable":true,"href":"https:\/\/siglo21digital.com.ar\/index.php?rest_route=%2Fwp%2Fv2%2Fcomments&post=14862"}],"version-history":[{"count":1,"href":"https:\/\/siglo21digital.com.ar\/index.php?rest_route=\/wp\/v2\/posts\/14862\/revisions"}],"predecessor-version":[{"id":14864,"href":"https:\/\/siglo21digital.com.ar\/index.php?rest_route=\/wp\/v2\/posts\/14862\/revisions\/14864"}],"wp:attachment":[{"href":"https:\/\/siglo21digital.com.ar\/index.php?rest_route=%2Fwp%2Fv2%2Fmedia&parent=14862"}],"wp:term":[{"taxonomy":"category","embeddable":true,"href":"https:\/\/siglo21digital.com.ar\/index.php?rest_route=%2Fwp%2Fv2%2Fcategories&post=14862"},{"taxonomy":"post_tag","embeddable":true,"href":"https:\/\/siglo21digital.com.ar\/index.php?rest_route=%2Fwp%2Fv2%2Ftags&post=14862"}],"curies":[{"name":"wp","href":"https:\/\/api.w.org\/{rel}","templated":true}]}}