{"id":146,"date":"2023-07-24T18:58:24","date_gmt":"2023-07-24T18:58:24","guid":{"rendered":"https:\/\/siglo21digital.com.ar\/?p=146"},"modified":"2023-07-24T18:58:24","modified_gmt":"2023-07-24T18:58:24","slug":"el-campo-entrerriano-apunto-contra-las-ultimas-medidas-economicas-el-beneficio-es-para-unos-pocos","status":"publish","type":"post","link":"https:\/\/siglo21digital.com.ar\/?p=146","title":{"rendered":"El campo entrerriano apunt\u00f3 contra las \u00faltimas medidas econ\u00f3micas: \u201cEl beneficio es para unos pocos\u201d"},"content":{"rendered":"<p><img fetchpriority=\"high\" decoding=\"async\" class=\"alignnone size-medium wp-image-147\" src=\"http:\/\/siglo21digital.com.ar\/wp-content\/uploads\/2023\/07\/campo-perdida-300x188.jpg\" alt=\"\" width=\"300\" height=\"188\" srcset=\"https:\/\/siglo21digital.com.ar\/wp-content\/uploads\/2023\/07\/campo-perdida-300x188.jpg 300w, https:\/\/siglo21digital.com.ar\/wp-content\/uploads\/2023\/07\/campo-perdida.jpg 600w\" sizes=\"(max-width: 300px) 100vw, 300px\" \/><\/p>\n<p>As\u00ed lo resumi\u00f3 Matias Martiarena, vicedirector de la Federaci\u00f3n Agraria Argentina (FAA) \u2022 Tambi\u00e9n asegur\u00f3 a APFDigital que la medida del d\u00f3lar agro afectar\u00e1 a tamberos, chancheros, a quienes tienen gallinas para huevos y producci\u00f3n de pollos.<\/p>\n<p>La decisi\u00f3n del Gobierno nacional de aumentar el tipo de cambio para el denominado \u201cd\u00f3lar agro\u201d de $300 a $340 por d\u00f3lar e incluir el ma\u00edz en dicho programa, no fue bien recibida por una parte del sector agropecuario, al considerar la medida oficial como un elemento que \u201cdistorsiona\u201d el mercado de granos, al mismo tiempo que entienden como un \u201cparche\u201d la iniciativa que busca fortalecer la acumulaci\u00f3n de reservas en unos USD dos mil millones.<\/p>\n<p>El vicedirector de la FAA apunt\u00f3 contra esta medida: \u201cPerjudica en la distorsi\u00f3n de los precios de los alimentos balanceados para las gallinas, pollos, chanchos y la ganader\u00eda\u201d y agreg\u00f3 que la medida acent\u00faa \u201ca la distorsi\u00f3n de los precios de los derivados de los productos, sobre todo con el tema del ma\u00edz, que est\u00e1 incluido esta vez\u201d.<\/p>\n<p>\u201cEsto es netamente una cuesti\u00f3n econ\u00f3mica que deja claro el d\u00e9ficit de d\u00f3lares que tiene nuestro pa\u00eds, a much\u00edsimos productores no les va a servir y a otros se les ve totalmente complejo\u201d.<\/p>\n<p>\u2022 El ma\u00edz<\/p>\n<p>En cuanto al cereal, Martiarena explic\u00f3 a esta Agencia: \u201cLa realidad es que el productor que cosech\u00f3 dos mil kilos de ma\u00edz ya lo vendi\u00f3 para pagar las pocas cuentas que pudo con ese rendimiento\u201d.<\/p>\n<p>A su vez, puntualiz\u00f3 que \u201ca niveles internacionales no se ha dado una suba del ma\u00edz pero esta medida se la van a llevar dos o tres acopladores que son los mismos beneficiados de siempre\u201d.<\/p>\n<p>\u201cA los productores natos, que sufrieron una sequ\u00eda sin precedentes en los \u00faltimos 100 a\u00f1os, no les sirve el d\u00f3lar agro porque el cereal ya lo vendieron y el beneficio es para unos pocos como siempre lo hemos nombrado\u201d. (APFDigital)<\/p>\n","protected":false},"excerpt":{"rendered":"<p>As\u00ed lo resumi\u00f3 Matias Martiarena, vicedirector de la Federaci\u00f3n Agraria Argentina (FAA) \u2022 Tambi\u00e9n asegur\u00f3 a APFDigital que la medida del d\u00f3lar agro afectar\u00e1 a tamberos, chancheros, a quienes tienen gallinas para huevos y producci\u00f3n de pollos. La decisi\u00f3n del Gobierno nacional de aumentar el tipo de cambio para el denominado \u201cd\u00f3lar agro\u201d de $300 &hellip; <\/p>\n<p><a class=\"more-link btn\" href=\"https:\/\/siglo21digital.com.ar\/?p=146\">Continue reading<\/a><\/p>\n","protected":false},"author":2,"featured_media":0,"comment_status":"open","ping_status":"open","sticky":false,"template":"","format":"standard","meta":{"_jetpack_memberships_contains_paid_content":false,"footnotes":""},"categories":[1],"tags":[],"class_list":["post-146","post","type-post","status-publish","format-standard","hentry","category-uncategorized","item-wrap"],"aioseo_notices":[],"jetpack_featured_media_url":"","jetpack_sharing_enabled":true,"_links":{"self":[{"href":"https:\/\/siglo21digital.com.ar\/index.php?rest_route=\/wp\/v2\/posts\/146","targetHints":{"allow":["GET"]}}],"collection":[{"href":"https:\/\/siglo21digital.com.ar\/index.php?rest_route=\/wp\/v2\/posts"}],"about":[{"href":"https:\/\/siglo21digital.com.ar\/index.php?rest_route=\/wp\/v2\/types\/post"}],"author":[{"embeddable":true,"href":"https:\/\/siglo21digital.com.ar\/index.php?rest_route=\/wp\/v2\/users\/2"}],"replies":[{"embeddable":true,"href":"https:\/\/siglo21digital.com.ar\/index.php?rest_route=%2Fwp%2Fv2%2Fcomments&post=146"}],"version-history":[{"count":1,"href":"https:\/\/siglo21digital.com.ar\/index.php?rest_route=\/wp\/v2\/posts\/146\/revisions"}],"predecessor-version":[{"id":148,"href":"https:\/\/siglo21digital.com.ar\/index.php?rest_route=\/wp\/v2\/posts\/146\/revisions\/148"}],"wp:attachment":[{"href":"https:\/\/siglo21digital.com.ar\/index.php?rest_route=%2Fwp%2Fv2%2Fmedia&parent=146"}],"wp:term":[{"taxonomy":"category","embeddable":true,"href":"https:\/\/siglo21digital.com.ar\/index.php?rest_route=%2Fwp%2Fv2%2Fcategories&post=146"},{"taxonomy":"post_tag","embeddable":true,"href":"https:\/\/siglo21digital.com.ar\/index.php?rest_route=%2Fwp%2Fv2%2Ftags&post=146"}],"curies":[{"name":"wp","href":"https:\/\/api.w.org\/{rel}","templated":true}]}}