{"id":14550,"date":"2026-04-23T09:34:37","date_gmt":"2026-04-23T12:34:37","guid":{"rendered":"https:\/\/siglo21digital.com.ar\/?p=14550"},"modified":"2026-04-23T09:34:37","modified_gmt":"2026-04-23T12:34:37","slug":"mas-familias-de-villaguay-villa-clara-y-macia-contaran-con-las-escrituras-de-sus-viviendas-sociales","status":"publish","type":"post","link":"https:\/\/siglo21digital.com.ar\/?p=14550","title":{"rendered":"M\u00e1s familias de Villaguay, Villa Clara y Maci\u00e1 contar\u00e1n con las escrituras de sus viviendas sociales"},"content":{"rendered":"<p><img fetchpriority=\"high\" decoding=\"async\" class=\"alignnone size-full wp-image-14551\" src=\"http:\/\/siglo21digital.com.ar\/wp-content\/uploads\/2026\/04\/descargar-2026-04-23T093334.997.jpg\" alt=\"\" width=\"1920\" height=\"1280\" srcset=\"https:\/\/siglo21digital.com.ar\/wp-content\/uploads\/2026\/04\/descargar-2026-04-23T093334.997.jpg 1920w, https:\/\/siglo21digital.com.ar\/wp-content\/uploads\/2026\/04\/descargar-2026-04-23T093334.997-300x200.jpg 300w, https:\/\/siglo21digital.com.ar\/wp-content\/uploads\/2026\/04\/descargar-2026-04-23T093334.997-1024x683.jpg 1024w, https:\/\/siglo21digital.com.ar\/wp-content\/uploads\/2026\/04\/descargar-2026-04-23T093334.997-768x512.jpg 768w, https:\/\/siglo21digital.com.ar\/wp-content\/uploads\/2026\/04\/descargar-2026-04-23T093334.997-1536x1024.jpg 1536w, https:\/\/siglo21digital.com.ar\/wp-content\/uploads\/2026\/04\/descargar-2026-04-23T093334.997-750x500.jpg 750w\" sizes=\"(max-width: 1920px) 100vw, 1920px\" \/><\/p>\n<p>En el marco de la pol\u00edtica de regularizaci\u00f3n dominial que lleva adelante el gobierno provincial, a trav\u00e9s del Instituto Aut\u00e1rquico de Planeamiento y Vivienda (IAPV), se rubricaron t\u00edtulos de propiedad para familias pertenecientes a tres grupos habitacionales construidos por el organismo en las localidades de Villaguay, Villa Clara y Maci\u00e1.<\/p>\n<p>En Villaguay, se firmaron las escrituras del barrio 40 Viviendas perteneciente al Sindicato de Empleados de Comercio; en Villa Clara, del grupo habitacional 29 Viviendas; y en Maci\u00e1, del barrio 40 Viviendas.<\/p>\n<p>Los actos fueron encabezados por el presidente del IAPV, Manuel Sch\u00f6nhals, y la escribana mayor de Gobierno, Sandra Taborda, quienes estuvieron acompa\u00f1ados por los intendentes de Villa Clara, Luis Guy; de Maci\u00e1, Ariel M\u00fcller; y los vocales\u00a0 de la repartici\u00f3n, Eduardo L\u00f3pez Segura y Jos\u00e9 Artusi. Tambi\u00e9n participaron el senador provincial Juan Conti, concejales, funcionarios municipales y los directores\u00a0de las Regionales Oeste, Claudia Matteoda y del Centro Este, Gabriel Bochatay, entre otras autoridades.<\/p>\n<p>Sch\u00f6nhals, en su alocuci\u00f3n, destac\u00f3 &#8220;la importancia que tiene la firma de las escrituras, ya que posibilita la regularizaci\u00f3n de la titularidad de la vivienda a un grupo importante de vecinos de estas localidades&#8221;. Adem\u00e1s, agreg\u00f3: &#8220;Tener la escritura da previsibilidad, dignidad y tranquilidad a la familia de que la casa es suya&#8221;.<\/p>\n","protected":false},"excerpt":{"rendered":"<p>En el marco de la pol\u00edtica de regularizaci\u00f3n dominial que lleva adelante el gobierno provincial, a trav\u00e9s del Instituto Aut\u00e1rquico de Planeamiento y Vivienda (IAPV), se rubricaron t\u00edtulos de propiedad para familias pertenecientes a tres grupos habitacionales construidos por el organismo en las localidades de Villaguay, Villa Clara y Maci\u00e1. En Villaguay, se firmaron las &hellip; <\/p>\n<p><a class=\"more-link btn\" href=\"https:\/\/siglo21digital.com.ar\/?p=14550\">Continue reading<\/a><\/p>\n","protected":false},"author":2,"featured_media":0,"comment_status":"open","ping_status":"open","sticky":false,"template":"","format":"standard","meta":{"_jetpack_memberships_contains_paid_content":false,"footnotes":""},"categories":[1],"tags":[],"class_list":["post-14550","post","type-post","status-publish","format-standard","hentry","category-uncategorized","item-wrap"],"aioseo_notices":[],"jetpack_featured_media_url":"","jetpack_sharing_enabled":true,"_links":{"self":[{"href":"https:\/\/siglo21digital.com.ar\/index.php?rest_route=\/wp\/v2\/posts\/14550","targetHints":{"allow":["GET"]}}],"collection":[{"href":"https:\/\/siglo21digital.com.ar\/index.php?rest_route=\/wp\/v2\/posts"}],"about":[{"href":"https:\/\/siglo21digital.com.ar\/index.php?rest_route=\/wp\/v2\/types\/post"}],"author":[{"embeddable":true,"href":"https:\/\/siglo21digital.com.ar\/index.php?rest_route=\/wp\/v2\/users\/2"}],"replies":[{"embeddable":true,"href":"https:\/\/siglo21digital.com.ar\/index.php?rest_route=%2Fwp%2Fv2%2Fcomments&post=14550"}],"version-history":[{"count":1,"href":"https:\/\/siglo21digital.com.ar\/index.php?rest_route=\/wp\/v2\/posts\/14550\/revisions"}],"predecessor-version":[{"id":14552,"href":"https:\/\/siglo21digital.com.ar\/index.php?rest_route=\/wp\/v2\/posts\/14550\/revisions\/14552"}],"wp:attachment":[{"href":"https:\/\/siglo21digital.com.ar\/index.php?rest_route=%2Fwp%2Fv2%2Fmedia&parent=14550"}],"wp:term":[{"taxonomy":"category","embeddable":true,"href":"https:\/\/siglo21digital.com.ar\/index.php?rest_route=%2Fwp%2Fv2%2Fcategories&post=14550"},{"taxonomy":"post_tag","embeddable":true,"href":"https:\/\/siglo21digital.com.ar\/index.php?rest_route=%2Fwp%2Fv2%2Ftags&post=14550"}],"curies":[{"name":"wp","href":"https:\/\/api.w.org\/{rel}","templated":true}]}}