{"id":14508,"date":"2026-04-22T11:59:21","date_gmt":"2026-04-22T14:59:21","guid":{"rendered":"https:\/\/siglo21digital.com.ar\/?p=14508"},"modified":"2026-04-22T12:21:03","modified_gmt":"2026-04-22T15:21:03","slug":"mas-de-120-trabajadores-del-turismo-cinegetico-se-hicieron-presentes-en-la-audiencia-publica-y-defendieron-la-actividad","status":"publish","type":"post","link":"https:\/\/siglo21digital.com.ar\/?p=14508","title":{"rendered":"M\u00e1s de 120 trabajadores del turismo cineg\u00e9tico se hicieron presentes en la audiencia p\u00fablica y defendieron la actividad"},"content":{"rendered":"<p><img fetchpriority=\"high\" decoding=\"async\" class=\"alignnone size-full wp-image-14509\" src=\"http:\/\/siglo21digital.com.ar\/wp-content\/uploads\/2026\/04\/ca14ab_1e7f1cf15c1f491c8467f0c585938061mv2.avif\" alt=\"\" width=\"740\" height=\"493\" srcset=\"https:\/\/siglo21digital.com.ar\/wp-content\/uploads\/2026\/04\/ca14ab_1e7f1cf15c1f491c8467f0c585938061mv2.avif 740w, https:\/\/siglo21digital.com.ar\/wp-content\/uploads\/2026\/04\/ca14ab_1e7f1cf15c1f491c8467f0c585938061mv2-300x200.avif 300w\" sizes=\"(max-width: 740px) 100vw, 740px\" \/><\/p>\n<section class=\"VQDdIN\" data-hook=\"post-description\">\n<div class=\"moHCnT\">\n<div class=\"moHCnT\">\n<div class=\"fTEXDR\" data-rce-version=\"10.171.0\">\n<div class=\"W-O4o\" dir=\"ltr\" data-id=\"content-viewer\">\n<div class=\"lMU2o\">\n<div class=\"k-9M5\">\n<div data-breakout=\"normal\">\n<p id=\"viewer-ko4r3100\" class=\"pvRKe _57hid WXN-i xYKEZ\" dir=\"auto\"><span class=\"NvmA3\">En el d\u00eda de ayer, m\u00e1s de 120 trabajadores del turismo cineg\u00e9tico se hicieron presentes en la audiencia p\u00fablica realizada en el \u00c1rea Natural Protegida El Potrero, en la ciudad de Victoria, en el marco del an\u00e1lisis de la actividad, ante la preocupaci\u00f3n del sector por cuestionamientos que consideran infundados y que ponen en riesgo su fuente de trabajo.<\/span><\/p>\n<p class=\"pvRKe _57hid WXN-i xYKEZ\" dir=\"auto\">La instancia fue convocada por la Direcci\u00f3n de Recursos Naturales y Fiscalizaci\u00f3n de la provincia de Entre Rios, tras la presentaci\u00f3n del informe t\u00e9cnico \u201cRelevamiento de Abundancia de Patos 2025\u201d, elaborado en conjunto por EMAFA y dicha direcci\u00f3n, con Supervisi\u00f3n de CONCITE. El mismo est\u00e1 disponible para su consulta por parte de los interesados.<\/p>\n<p dir=\"auto\">\n<\/div>\n<div data-breakout=\"normal\">\n<p class=\"pvRKe _57hid WXN-i xYKEZ\" dir=\"auto\">La convocatoria cont\u00f3 con la presencia de gu\u00edas, trabajadores rurales, operadores tur\u00edsticos y actores de la actividad, quienes expusieron desde la experiencia concreta la importancia social, econ\u00f3mica y territorial del turismo cineg\u00e9tico en la regi\u00f3n.<\/p>\n<p dir=\"auto\">\n<\/div>\n<div data-breakout=\"normal\">\n<p id=\"viewer-t055f106\" class=\"pvRKe _57hid WXN-i xYKEZ\" dir=\"auto\"><span class=\"NvmA3\">Durante la jornada, se presentaron los estudios t\u00e9cnicos elaborados por bi\u00f3logos y especialistas de reconocida trayectoria, aportando informaci\u00f3n cient\u00edfica sobre el estado de las poblaciones y el manejo sustentable del recurso. Asimismo, expuso personal t\u00e9cnico de la Direcci\u00f3n de Recursos Naturales, junto con representantes del sector, entre ellos la CATCYC, quienes respaldaron la actividad sobre la base de datos, monitoreos y evidencia cient\u00edfica.<\/span><\/p>\n<p dir=\"auto\">\n<\/div>\n<div data-breakout=\"normal\">\n<p id=\"viewer-7pz8t108\" class=\"pvRKe _57hid WXN-i xYKEZ\" dir=\"auto\"><span class=\"NvmA3\">En contraposici\u00f3n, tambi\u00e9n participaron representantes de organizaciones ambientalistas, cuyos planteos se basaron en afirmaciones generales y no lograron acreditar sustento t\u00e9cnico ni cient\u00edfico frente a la evidencia presentada por los especialistas.<\/span><\/p>\n<p dir=\"auto\">\n<\/div>\n<div data-breakout=\"normal\">\n<p id=\"viewer-uigwd110\" class=\"pvRKe _57hid WXN-i xYKEZ\" dir=\"auto\"><span class=\"NvmA3\">En este contexto, la presencia de los trabajadores result\u00f3 central, dejando en claro que el debate no puede escindirse de la realidad productiva y social que atraviesan numerosas familias que dependen directamente de esta actividad.<\/span><\/p>\n<p dir=\"auto\">\n<p class=\"pvRKe _57hid WXN-i xYKEZ\" dir=\"auto\">La jornada permiti\u00f3 evidenciar con claridad la diferencia entre los aportes basados en informaci\u00f3n cient\u00edfica y aquellos sustentados en posicionamientos e ideolog\u00edas sin respaldo t\u00e9cnico suficiente, reafirmando la necesidad de que las decisiones se adopten sobre la base de datos objetivos, criterios t\u00e9cnicos y una mirada integral que contemple tanto la conservaci\u00f3n del recurso como el impacto econ\u00f3mico y social en la provincia.<\/p>\n<\/div>\n<div data-hook=\"rcv-block14\"><\/div>\n<\/div>\n<div data-hook=\"rcv-block-last\"><\/div>\n<\/div>\n<\/div>\n<\/div>\n<\/div>\n<\/div>\n<\/section>\n<footer class=\"PhCafd B6ltWa\" data-hook=\"post-footer\">\n<div class=\"PKQ95p\">\n<div class=\"KVKbzt aQg0ny\">\n<section class=\"Xyiv4I\" data-hook=\"post-main-actions-desktop\">\n<div class=\"eFSltK\">\n<div class=\"Zt1NVN\">\n<div class=\"dw8bme N8V7Oq\"><\/div>\n<div class=\"dw8bme KGq2fc\"><\/div>\n<div class=\"dw8bme _aEGAn\"><\/div>\n<div class=\"sKh6_Vs sm0m2r2 s_udjgT dw8bme icAt6f\" data-content-hook=\"popover-content--undefined\">\n<div class=\"sB2U0U_\" data-hook=\"popover-element\"><\/div>\n<\/div>\n<\/div>\n<\/div>\n<\/section>\n<\/div>\n<\/div>\n<\/footer>\n","protected":false},"excerpt":{"rendered":"<p>En el d\u00eda de ayer, m\u00e1s de 120 trabajadores del turismo cineg\u00e9tico se hicieron presentes en la audiencia p\u00fablica realizada en el \u00c1rea Natural Protegida El Potrero, en la ciudad de Victoria, en el marco del an\u00e1lisis de la actividad, ante la preocupaci\u00f3n del sector por cuestionamientos que consideran infundados y que ponen en riesgo &hellip; <\/p>\n<p><a class=\"more-link btn\" href=\"https:\/\/siglo21digital.com.ar\/?p=14508\">Continue reading<\/a><\/p>\n","protected":false},"author":2,"featured_media":0,"comment_status":"open","ping_status":"open","sticky":false,"template":"","format":"standard","meta":{"_jetpack_memberships_contains_paid_content":false,"footnotes":""},"categories":[1],"tags":[],"class_list":["post-14508","post","type-post","status-publish","format-standard","hentry","category-uncategorized","item-wrap"],"aioseo_notices":[],"jetpack_featured_media_url":"","jetpack_sharing_enabled":true,"_links":{"self":[{"href":"https:\/\/siglo21digital.com.ar\/index.php?rest_route=\/wp\/v2\/posts\/14508","targetHints":{"allow":["GET"]}}],"collection":[{"href":"https:\/\/siglo21digital.com.ar\/index.php?rest_route=\/wp\/v2\/posts"}],"about":[{"href":"https:\/\/siglo21digital.com.ar\/index.php?rest_route=\/wp\/v2\/types\/post"}],"author":[{"embeddable":true,"href":"https:\/\/siglo21digital.com.ar\/index.php?rest_route=\/wp\/v2\/users\/2"}],"replies":[{"embeddable":true,"href":"https:\/\/siglo21digital.com.ar\/index.php?rest_route=%2Fwp%2Fv2%2Fcomments&post=14508"}],"version-history":[{"count":2,"href":"https:\/\/siglo21digital.com.ar\/index.php?rest_route=\/wp\/v2\/posts\/14508\/revisions"}],"predecessor-version":[{"id":14511,"href":"https:\/\/siglo21digital.com.ar\/index.php?rest_route=\/wp\/v2\/posts\/14508\/revisions\/14511"}],"wp:attachment":[{"href":"https:\/\/siglo21digital.com.ar\/index.php?rest_route=%2Fwp%2Fv2%2Fmedia&parent=14508"}],"wp:term":[{"taxonomy":"category","embeddable":true,"href":"https:\/\/siglo21digital.com.ar\/index.php?rest_route=%2Fwp%2Fv2%2Fcategories&post=14508"},{"taxonomy":"post_tag","embeddable":true,"href":"https:\/\/siglo21digital.com.ar\/index.php?rest_route=%2Fwp%2Fv2%2Ftags&post=14508"}],"curies":[{"name":"wp","href":"https:\/\/api.w.org\/{rel}","templated":true}]}}