{"id":139,"date":"2023-07-24T19:23:48","date_gmt":"2023-07-24T19:23:48","guid":{"rendered":"https:\/\/siglo21digital.com.ar\/?p=139"},"modified":"2023-07-24T19:25:33","modified_gmt":"2023-07-24T19:25:33","slug":"destacaron-desde-la-uader-las-declaraciones-del-ministro-massa","status":"publish","type":"post","link":"https:\/\/siglo21digital.com.ar\/?p=139","title":{"rendered":"Destacaron desde la Facultad de Humanidades de la Uader las declaraciones del ministro Massa"},"content":{"rendered":"\r\n<p><img fetchpriority=\"high\" decoding=\"async\" class=\"alignnone size-medium wp-image-155\" src=\"http:\/\/siglo21digital.com.ar\/wp-content\/uploads\/2023\/07\/escuela-normal-300x180.jpg\" alt=\"\" width=\"300\" height=\"180\" srcset=\"https:\/\/siglo21digital.com.ar\/wp-content\/uploads\/2023\/07\/escuela-normal-300x180.jpg 300w, https:\/\/siglo21digital.com.ar\/wp-content\/uploads\/2023\/07\/escuela-normal-768x461.jpg 768w, https:\/\/siglo21digital.com.ar\/wp-content\/uploads\/2023\/07\/escuela-normal-750x450.jpg 750w, https:\/\/siglo21digital.com.ar\/wp-content\/uploads\/2023\/07\/escuela-normal.jpg 870w\" sizes=\"(max-width: 300px) 100vw, 300px\" \/><\/p>\r\n<div>Desde la Facultad de Humanidades de la\u00a0 Universidad Aut\u00f3noma de Entre R\u00edos (Uader) valoraron recientes expresiones del ministro de Econom\u00eda de la Naci\u00f3n, Sergio Massa, en torno al proyecto sobre su nacionalizaci\u00f3n impulsado por toda la comunidad de esa Facultad sobre el que existe enorme expectativa.\u00a0<\/div>\r\n<p><br \/><br \/>Se destac\u00f3 &#8220;la voluntad de las autoridades nacionales de insistir con la correspondiente aprobaci\u00f3n por parte del Congreso Nacional&#8221;, sobre la iniciativa de creaci\u00f3n de la Universidad Juan L. Ortiz a partir de la nacionalizaci\u00f3n de la Facultad de Humanidades, Artes y Ciencias Sociales de la Uader que est\u00e1 frenada en el Congreso, tema sobre el que hizo referencia Massa.<br \/><br \/>En declaraciones televisivas, el tambi\u00e9n precandidato a presidente de la Naci\u00f3n, asever\u00f3 que \u201cest\u00e1 peleando\u201d para que se avance con este proyecto, incluido en la agenda parlamentaria del oficialismo y frenado hace casi ocho meses.<br \/><br \/>El proyecto de ley para nacionalizar la Facultad de Humanidades, Artes y Ciencias Sociales de la Universidad Aut\u00f3noma de Entre R\u00edos (Uader) busca crear una nueva unidad acad\u00e9mica de car\u00e1cter nacional a partir de la creaci\u00f3n de la Universidad Nacional \u201cJuan Laurentino Ortiz\u201d, que tendr\u00e1 sede en Paran\u00e1. <br \/><br \/>Se trata de una iniciativa de la diputada naciona, Blanca Osuna que cuenta con el acompa\u00f1amiento de sus pares de bancada Tom\u00e1s Ledesma, Carolina Gaillard y Marcelo Casaretto, precis\u00f3 el sitio web Bicameral.<\/p>\r\n","protected":false},"excerpt":{"rendered":"<p>Desde la Facultad de Humanidades de la\u00a0 Universidad Aut\u00f3noma de Entre R\u00edos (Uader) valoraron recientes expresiones del ministro de Econom\u00eda de la Naci\u00f3n, Sergio Massa, en torno al proyecto sobre su nacionalizaci\u00f3n impulsado por toda la comunidad de esa Facultad sobre el que existe enorme expectativa.\u00a0 Se destac\u00f3 &#8220;la voluntad de las autoridades nacionales de &hellip; <\/p>\n<p><a class=\"more-link btn\" href=\"https:\/\/siglo21digital.com.ar\/?p=139\">Continue reading<\/a><\/p>\n","protected":false},"author":2,"featured_media":0,"comment_status":"open","ping_status":"open","sticky":false,"template":"","format":"standard","meta":{"_jetpack_memberships_contains_paid_content":false,"footnotes":""},"categories":[1],"tags":[],"class_list":["post-139","post","type-post","status-publish","format-standard","hentry","category-uncategorized","item-wrap"],"aioseo_notices":[],"jetpack_featured_media_url":"","jetpack_sharing_enabled":true,"_links":{"self":[{"href":"https:\/\/siglo21digital.com.ar\/index.php?rest_route=\/wp\/v2\/posts\/139","targetHints":{"allow":["GET"]}}],"collection":[{"href":"https:\/\/siglo21digital.com.ar\/index.php?rest_route=\/wp\/v2\/posts"}],"about":[{"href":"https:\/\/siglo21digital.com.ar\/index.php?rest_route=\/wp\/v2\/types\/post"}],"author":[{"embeddable":true,"href":"https:\/\/siglo21digital.com.ar\/index.php?rest_route=\/wp\/v2\/users\/2"}],"replies":[{"embeddable":true,"href":"https:\/\/siglo21digital.com.ar\/index.php?rest_route=%2Fwp%2Fv2%2Fcomments&post=139"}],"version-history":[{"count":4,"href":"https:\/\/siglo21digital.com.ar\/index.php?rest_route=\/wp\/v2\/posts\/139\/revisions"}],"predecessor-version":[{"id":158,"href":"https:\/\/siglo21digital.com.ar\/index.php?rest_route=\/wp\/v2\/posts\/139\/revisions\/158"}],"wp:attachment":[{"href":"https:\/\/siglo21digital.com.ar\/index.php?rest_route=%2Fwp%2Fv2%2Fmedia&parent=139"}],"wp:term":[{"taxonomy":"category","embeddable":true,"href":"https:\/\/siglo21digital.com.ar\/index.php?rest_route=%2Fwp%2Fv2%2Fcategories&post=139"},{"taxonomy":"post_tag","embeddable":true,"href":"https:\/\/siglo21digital.com.ar\/index.php?rest_route=%2Fwp%2Fv2%2Ftags&post=139"}],"curies":[{"name":"wp","href":"https:\/\/api.w.org\/{rel}","templated":true}]}}