{"id":13762,"date":"2026-04-08T12:45:44","date_gmt":"2026-04-08T15:45:44","guid":{"rendered":"https:\/\/siglo21digital.com.ar\/?p=13762"},"modified":"2026-04-08T12:45:44","modified_gmt":"2026-04-08T15:45:44","slug":"tc-4000-rocio-migliore-se-prepara-para-la-cita-en-el-cve","status":"publish","type":"post","link":"https:\/\/siglo21digital.com.ar\/?p=13762","title":{"rendered":"TC 4000: Roc\u00edo Migliore se prepara para la cita en el CVE"},"content":{"rendered":"<p><img fetchpriority=\"high\" decoding=\"async\" class=\"alignnone size-full wp-image-13763\" src=\"http:\/\/siglo21digital.com.ar\/wp-content\/uploads\/2026\/04\/WhatsApp-Image-2026-04-08-at-12.44.08-PM.jpeg\" alt=\"\" width=\"790\" height=\"539\" srcset=\"https:\/\/siglo21digital.com.ar\/wp-content\/uploads\/2026\/04\/WhatsApp-Image-2026-04-08-at-12.44.08-PM.jpeg 790w, https:\/\/siglo21digital.com.ar\/wp-content\/uploads\/2026\/04\/WhatsApp-Image-2026-04-08-at-12.44.08-PM-300x205.jpeg 300w, https:\/\/siglo21digital.com.ar\/wp-content\/uploads\/2026\/04\/WhatsApp-Image-2026-04-08-at-12.44.08-PM-768x524.jpeg 768w, https:\/\/siglo21digital.com.ar\/wp-content\/uploads\/2026\/04\/WhatsApp-Image-2026-04-08-at-12.44.08-PM-750x512.jpeg 750w\" sizes=\"(max-width: 790px) 100vw, 790px\" \/><\/p>\n<p>El\u00a0<strong>TC 4000 del Nuevo Car Show<\/strong>\u00a0Santafesino, tuvo una rencorporaci\u00f3n destacada este a\u00f1o con la participaci\u00f3n de\u00a0<strong>Roc\u00edo Migliore<\/strong>, piloto santafesina de\u00a0<strong>San Mart\u00edn de las Escobas<\/strong>, quien regres\u00f3 a la categor\u00eda en la fecha apertura del campeonato en San Jorge a bordo de la\u00a0<strong>Chevy de la Autope\u00f1a Humboldt<\/strong>.<\/p>\n<p>Luego de su paso por distintas categor\u00edas, entre ellas la\u00a0<strong>F\u00f3rmula 1.6<\/strong>, el\u00a0<strong>Turismo Fiat Santafesino<\/strong>\u00a0y su m\u00e1s reciente experiencia en el\u00a0<strong>Top Race Junior<\/strong>\u00a0dentro del automovilismo nacional, Migliore volvi\u00f3 al Nuevo Car Show y ahora se prepara para la segunda cita del calendario a mediados de este mes en el aut\u00f3dromo del Club de Volantes Entrerrianos.<\/p>\n<p>En el debut de este a\u00f1o, no se pens\u00f3 en resultados, sino en entender el funcionamiento del conjunto en un contexto completamente nuevo:\u201cEn esa primera fecha m\u00e1s que nada nos abocamos a conocer el auto y a familiarizarme con el equipo\u201d, dijo Roc\u00edo.<\/p>\n<p>Ese enfoque marc\u00f3 el ritmo de todo el fin de semana, con una l\u00f3gica progresiva de adaptaci\u00f3n: \u201cL\u00f3gicamente como en todo proceso la idea es ir de menor a mayor\u201d.<\/p>\n<p>Las inclemencias del tiempo, sin embargo, cambiaron un poco el escenario y limit\u00f3 parte del trabajo que ten\u00edan previsto: \u201cLamentablemente en el fin de semana del debut en San Jorge justo llovi\u00f3 y eso dificult\u00f3 un poco las cosas\u201d.<\/p>\n<p>Aun as\u00ed, para la representante de San Mart\u00edn de las Escobas el balance no dej\u00f3 de ser constructivo: \u201cTuvimos algunos percances, pero igual valoramos lo que pas\u00f3. Creo que hay cosas para rescatar en cuanto a referencias\u201d.<\/p>\n<p>El pr\u00f3ximo compromiso aparece en el horizonte con un panorama m\u00e1s claro: \u201cYa para la pr\u00f3xima fecha en Paran\u00e1 vamos con mucha m\u00e1s informaci\u00f3n, y eso es muy positivo\u201d.<\/p>\n<p>M\u00e1s all\u00e1 de lo deportivo, el debut tambi\u00e9n estuvo atravesado por el factor humano y la integraci\u00f3n dentro de la especialidad: \u201cEstoy muy contenta de estar en una categor\u00eda tan importante como el Nuevo Car Show y con el equipo. Me ayudaron y trabajaron un mont\u00f3n\u201d.<\/p>\n<p>El est\u00edmulo que recibe tambi\u00e9n es un punto fuerte para la santafesina: \u201cS\u00faper agradecid\u00edsima tambi\u00e9n con los chicos de la Autope\u00f1a Humboldt que me acompa\u00f1an\u201d.<\/p>\n<p>Como es habitual, el cierre fue para quienes hicieron posible que se vuelva a subir a un auto de carreras: \u201cNo puedo dejar de mencionar a todos mis sponsors: Bendita Ploter; Expreso Formosa; Transmayo; Muller, Diesel Miglio; Kelymar; Latamfull; Lusqtoff; Gomer\u00eda El Chate; Carnave SME; Transporte Bricco; Lubrifilm; Ferrero Automotores; Rectificaciones del Oeste y a todas las personas que hacen posible que yo est\u00e9 ac\u00e1\u00bb<\/p>\n<p>Fuente: Prensa Car Show<\/p>\n","protected":false},"excerpt":{"rendered":"<p>El\u00a0TC 4000 del Nuevo Car Show\u00a0Santafesino, tuvo una rencorporaci\u00f3n destacada este a\u00f1o con la participaci\u00f3n de\u00a0Roc\u00edo Migliore, piloto santafesina de\u00a0San Mart\u00edn de las Escobas, quien regres\u00f3 a la categor\u00eda en la fecha apertura del campeonato en San Jorge a bordo de la\u00a0Chevy de la Autope\u00f1a Humboldt. Luego de su paso por distintas categor\u00edas, entre ellas &hellip; <\/p>\n<p><a class=\"more-link btn\" href=\"https:\/\/siglo21digital.com.ar\/?p=13762\">Continue reading<\/a><\/p>\n","protected":false},"author":2,"featured_media":0,"comment_status":"open","ping_status":"open","sticky":false,"template":"","format":"standard","meta":{"_jetpack_memberships_contains_paid_content":false,"footnotes":""},"categories":[1],"tags":[],"class_list":["post-13762","post","type-post","status-publish","format-standard","hentry","category-uncategorized","item-wrap"],"aioseo_notices":[],"jetpack_featured_media_url":"","jetpack_sharing_enabled":true,"_links":{"self":[{"href":"https:\/\/siglo21digital.com.ar\/index.php?rest_route=\/wp\/v2\/posts\/13762","targetHints":{"allow":["GET"]}}],"collection":[{"href":"https:\/\/siglo21digital.com.ar\/index.php?rest_route=\/wp\/v2\/posts"}],"about":[{"href":"https:\/\/siglo21digital.com.ar\/index.php?rest_route=\/wp\/v2\/types\/post"}],"author":[{"embeddable":true,"href":"https:\/\/siglo21digital.com.ar\/index.php?rest_route=\/wp\/v2\/users\/2"}],"replies":[{"embeddable":true,"href":"https:\/\/siglo21digital.com.ar\/index.php?rest_route=%2Fwp%2Fv2%2Fcomments&post=13762"}],"version-history":[{"count":1,"href":"https:\/\/siglo21digital.com.ar\/index.php?rest_route=\/wp\/v2\/posts\/13762\/revisions"}],"predecessor-version":[{"id":13764,"href":"https:\/\/siglo21digital.com.ar\/index.php?rest_route=\/wp\/v2\/posts\/13762\/revisions\/13764"}],"wp:attachment":[{"href":"https:\/\/siglo21digital.com.ar\/index.php?rest_route=%2Fwp%2Fv2%2Fmedia&parent=13762"}],"wp:term":[{"taxonomy":"category","embeddable":true,"href":"https:\/\/siglo21digital.com.ar\/index.php?rest_route=%2Fwp%2Fv2%2Fcategories&post=13762"},{"taxonomy":"post_tag","embeddable":true,"href":"https:\/\/siglo21digital.com.ar\/index.php?rest_route=%2Fwp%2Fv2%2Ftags&post=13762"}],"curies":[{"name":"wp","href":"https:\/\/api.w.org\/{rel}","templated":true}]}}