{"id":13750,"date":"2026-04-08T09:53:07","date_gmt":"2026-04-08T12:53:07","guid":{"rendered":"https:\/\/siglo21digital.com.ar\/?p=13750"},"modified":"2026-04-08T09:53:07","modified_gmt":"2026-04-08T12:53:07","slug":"taller-de-herreria-en-la-escuela-municipal-de-artes-y-oficios","status":"publish","type":"post","link":"https:\/\/siglo21digital.com.ar\/?p=13750","title":{"rendered":"Taller de Herrer\u00eda en la Escuela Municipal de Artes y Oficios"},"content":{"rendered":"<p><img fetchpriority=\"high\" decoding=\"async\" class=\"alignnone size-full wp-image-13751\" src=\"http:\/\/siglo21digital.com.ar\/wp-content\/uploads\/2026\/04\/WhatsApp-Image-2026-04-08-at-9.51.09-AM.jpeg\" alt=\"\" width=\"1440\" height=\"1800\" srcset=\"https:\/\/siglo21digital.com.ar\/wp-content\/uploads\/2026\/04\/WhatsApp-Image-2026-04-08-at-9.51.09-AM.jpeg 1440w, https:\/\/siglo21digital.com.ar\/wp-content\/uploads\/2026\/04\/WhatsApp-Image-2026-04-08-at-9.51.09-AM-240x300.jpeg 240w, https:\/\/siglo21digital.com.ar\/wp-content\/uploads\/2026\/04\/WhatsApp-Image-2026-04-08-at-9.51.09-AM-819x1024.jpeg 819w, https:\/\/siglo21digital.com.ar\/wp-content\/uploads\/2026\/04\/WhatsApp-Image-2026-04-08-at-9.51.09-AM-768x960.jpeg 768w, https:\/\/siglo21digital.com.ar\/wp-content\/uploads\/2026\/04\/WhatsApp-Image-2026-04-08-at-9.51.09-AM-1229x1536.jpeg 1229w, https:\/\/siglo21digital.com.ar\/wp-content\/uploads\/2026\/04\/WhatsApp-Image-2026-04-08-at-9.51.09-AM-750x938.jpeg 750w\" sizes=\"(max-width: 1440px) 100vw, 1440px\" \/><\/p>\n<p>A partir del 13 de abril, todos los martes y jueves de 18:00 a 20:00 horas, podr\u00e1s aprender en nuestro taller de herrer\u00eda, a cargo de Eduardo Gor\u00f3.<\/p>\n<p>Las inscripciones se realizan de manera presencial en la escuela.<\/p>\n<p>\u00a1Te esperamos!<\/p>\n","protected":false},"excerpt":{"rendered":"<p>A partir del 13 de abril, todos los martes y jueves de 18:00 a 20:00 horas, podr\u00e1s aprender en nuestro taller de herrer\u00eda, a cargo de Eduardo Gor\u00f3. Las inscripciones se realizan de manera presencial en la escuela. \u00a1Te esperamos!<\/p>\n","protected":false},"author":2,"featured_media":0,"comment_status":"open","ping_status":"open","sticky":false,"template":"","format":"standard","meta":{"_jetpack_memberships_contains_paid_content":false,"footnotes":""},"categories":[1],"tags":[],"class_list":["post-13750","post","type-post","status-publish","format-standard","hentry","category-uncategorized","item-wrap"],"aioseo_notices":[],"jetpack_featured_media_url":"","jetpack_sharing_enabled":true,"_links":{"self":[{"href":"https:\/\/siglo21digital.com.ar\/index.php?rest_route=\/wp\/v2\/posts\/13750","targetHints":{"allow":["GET"]}}],"collection":[{"href":"https:\/\/siglo21digital.com.ar\/index.php?rest_route=\/wp\/v2\/posts"}],"about":[{"href":"https:\/\/siglo21digital.com.ar\/index.php?rest_route=\/wp\/v2\/types\/post"}],"author":[{"embeddable":true,"href":"https:\/\/siglo21digital.com.ar\/index.php?rest_route=\/wp\/v2\/users\/2"}],"replies":[{"embeddable":true,"href":"https:\/\/siglo21digital.com.ar\/index.php?rest_route=%2Fwp%2Fv2%2Fcomments&post=13750"}],"version-history":[{"count":1,"href":"https:\/\/siglo21digital.com.ar\/index.php?rest_route=\/wp\/v2\/posts\/13750\/revisions"}],"predecessor-version":[{"id":13752,"href":"https:\/\/siglo21digital.com.ar\/index.php?rest_route=\/wp\/v2\/posts\/13750\/revisions\/13752"}],"wp:attachment":[{"href":"https:\/\/siglo21digital.com.ar\/index.php?rest_route=%2Fwp%2Fv2%2Fmedia&parent=13750"}],"wp:term":[{"taxonomy":"category","embeddable":true,"href":"https:\/\/siglo21digital.com.ar\/index.php?rest_route=%2Fwp%2Fv2%2Fcategories&post=13750"},{"taxonomy":"post_tag","embeddable":true,"href":"https:\/\/siglo21digital.com.ar\/index.php?rest_route=%2Fwp%2Fv2%2Ftags&post=13750"}],"curies":[{"name":"wp","href":"https:\/\/api.w.org\/{rel}","templated":true}]}}