{"id":132,"date":"2023-07-24T18:50:32","date_gmt":"2023-07-24T18:50:32","guid":{"rendered":"https:\/\/siglo21digital.com.ar\/?p=132"},"modified":"2023-07-24T18:50:32","modified_gmt":"2023-07-24T18:50:32","slug":"se-realizo-el-2-simposio-de-arte-urbano","status":"publish","type":"post","link":"https:\/\/siglo21digital.com.ar\/?p=132","title":{"rendered":"SE REALIZ\u00d3 EL 2\u00b0 SIMPOSIO DE ARTE URBANO."},"content":{"rendered":"\r\n<p><img fetchpriority=\"high\" decoding=\"async\" class=\"alignnone size-medium wp-image-140\" src=\"http:\/\/siglo21digital.com.ar\/wp-content\/uploads\/2023\/07\/arte-simposio-300x288.jpg\" alt=\"\" width=\"300\" height=\"288\" srcset=\"https:\/\/siglo21digital.com.ar\/wp-content\/uploads\/2023\/07\/arte-simposio-300x288.jpg 300w, https:\/\/siglo21digital.com.ar\/wp-content\/uploads\/2023\/07\/arte-simposio-1024x984.jpg 1024w, https:\/\/siglo21digital.com.ar\/wp-content\/uploads\/2023\/07\/arte-simposio-768x738.jpg 768w, https:\/\/siglo21digital.com.ar\/wp-content\/uploads\/2023\/07\/arte-simposio-750x721.jpg 750w, https:\/\/siglo21digital.com.ar\/wp-content\/uploads\/2023\/07\/arte-simposio.jpg 1248w\" sizes=\"(max-width: 300px) 100vw, 300px\" \/><\/p>\r\n<p><br \/>Durante los d\u00edas viernes, s\u00e1bado y domingo, se llev\u00f3 a cabo este importante encuentro, organizado por la Secretar\u00eda de la Juventud, a cargo de Juan Andr\u00e9s Treppo y el \u00c1rea de Cultura y Turismo, a cargo de Luz Cortez.<br \/>Artistas de nuestra ciudad, Viale, El Pingo, Mar\u00eda Grande, Paran\u00e1, Gualeguaych\u00fa y Federal intervinieron Hasenkamp bajo la consiga &#8220;40 a\u00f1os de Democracia&#8221;<br \/>Gracias a Nacho Perez Elena y Diego Abu Arab quienes estuvieron a cargo de los conversatorios y a todas las personas que colaboraron, se indic\u00f3 desde la municipalidad<\/p>\r\n","protected":false},"excerpt":{"rendered":"<p>Durante los d\u00edas viernes, s\u00e1bado y domingo, se llev\u00f3 a cabo este importante encuentro, organizado por la Secretar\u00eda de la Juventud, a cargo de Juan Andr\u00e9s Treppo y el \u00c1rea de Cultura y Turismo, a cargo de Luz Cortez.Artistas de nuestra ciudad, Viale, El Pingo, Mar\u00eda Grande, Paran\u00e1, Gualeguaych\u00fa y Federal intervinieron Hasenkamp bajo la &hellip; <\/p>\n<p><a class=\"more-link btn\" href=\"https:\/\/siglo21digital.com.ar\/?p=132\">Continue reading<\/a><\/p>\n","protected":false},"author":2,"featured_media":0,"comment_status":"open","ping_status":"open","sticky":false,"template":"","format":"standard","meta":{"_jetpack_memberships_contains_paid_content":false,"footnotes":""},"categories":[1],"tags":[],"class_list":["post-132","post","type-post","status-publish","format-standard","hentry","category-uncategorized","item-wrap"],"aioseo_notices":[],"jetpack_featured_media_url":"","jetpack_sharing_enabled":true,"_links":{"self":[{"href":"https:\/\/siglo21digital.com.ar\/index.php?rest_route=\/wp\/v2\/posts\/132","targetHints":{"allow":["GET"]}}],"collection":[{"href":"https:\/\/siglo21digital.com.ar\/index.php?rest_route=\/wp\/v2\/posts"}],"about":[{"href":"https:\/\/siglo21digital.com.ar\/index.php?rest_route=\/wp\/v2\/types\/post"}],"author":[{"embeddable":true,"href":"https:\/\/siglo21digital.com.ar\/index.php?rest_route=\/wp\/v2\/users\/2"}],"replies":[{"embeddable":true,"href":"https:\/\/siglo21digital.com.ar\/index.php?rest_route=%2Fwp%2Fv2%2Fcomments&post=132"}],"version-history":[{"count":2,"href":"https:\/\/siglo21digital.com.ar\/index.php?rest_route=\/wp\/v2\/posts\/132\/revisions"}],"predecessor-version":[{"id":141,"href":"https:\/\/siglo21digital.com.ar\/index.php?rest_route=\/wp\/v2\/posts\/132\/revisions\/141"}],"wp:attachment":[{"href":"https:\/\/siglo21digital.com.ar\/index.php?rest_route=%2Fwp%2Fv2%2Fmedia&parent=132"}],"wp:term":[{"taxonomy":"category","embeddable":true,"href":"https:\/\/siglo21digital.com.ar\/index.php?rest_route=%2Fwp%2Fv2%2Fcategories&post=132"},{"taxonomy":"post_tag","embeddable":true,"href":"https:\/\/siglo21digital.com.ar\/index.php?rest_route=%2Fwp%2Fv2%2Ftags&post=132"}],"curies":[{"name":"wp","href":"https:\/\/api.w.org\/{rel}","templated":true}]}}