{"id":125,"date":"2023-07-20T20:26:31","date_gmt":"2023-07-20T20:26:31","guid":{"rendered":"https:\/\/siglo21digital.com.ar\/?p=125"},"modified":"2023-07-20T20:26:31","modified_gmt":"2023-07-20T20:26:31","slug":"soreira-confia-en-un-triunfo-electoral-de-frigerio","status":"publish","type":"post","link":"https:\/\/siglo21digital.com.ar\/?p=125","title":{"rendered":"Soreira conf\u00eda en un triunfo electoral de Frigerio"},"content":{"rendered":"\r\n<p><img fetchpriority=\"high\" decoding=\"async\" class=\"alignnone size-medium wp-image-133\" src=\"http:\/\/siglo21digital.com.ar\/wp-content\/uploads\/2023\/07\/IMG-20230718-WA0114-300x269.jpg\" alt=\"\" width=\"300\" height=\"269\" srcset=\"https:\/\/siglo21digital.com.ar\/wp-content\/uploads\/2023\/07\/IMG-20230718-WA0114-300x269.jpg 300w, https:\/\/siglo21digital.com.ar\/wp-content\/uploads\/2023\/07\/IMG-20230718-WA0114-768x688.jpg 768w, https:\/\/siglo21digital.com.ar\/wp-content\/uploads\/2023\/07\/IMG-20230718-WA0114-750x672.jpg 750w, https:\/\/siglo21digital.com.ar\/wp-content\/uploads\/2023\/07\/IMG-20230718-WA0114.jpg 985w\" sizes=\"(max-width: 300px) 100vw, 300px\" \/><\/p>\r\n<p>El pre candidato a senador provincial por el departamento Federal, Pablo Soreira, consider\u00f3 que se avecinan &#8220;importantes cambios pol\u00edticos para la provincia ya que el triunfo electoral de Rogelio Frigerio, le permitir\u00e1 a Entre R\u00edos salir de la situaci\u00f3n de postraci\u00f3n a la que la llevaron las distintas gestiones del justicialismo&#8221;.<br \/>Soreira, actual intendente de Sauce de Luna, afirmo: &#8220;Es evidente que la gente quiere un cambio no solo para la provincia sino tambi\u00e9n para el departamento Federal y es por esa raz\u00f3n que estamos trabajando en pos de avanzar electoralmente con nuestra propuesta para acompa\u00f1ar la futura gesti\u00f3n de Frigerio Gobernador, desde una banca en el senado de la provincia&#8221;.<br \/>Indic\u00f3 que &#8220;estamos haciendo un relevamiento de las necesidades de cada lugar de nuestro departamento, de cada localidad, y apuntamos a trasladar nuestra experiencia de gesti\u00f3n en Sauce de Luna, para enarbolar las propuestas y los proyectos que sean necesarios para contribuir al desarrollo departamental&#8221;.<br \/>Afirm\u00f3 luego: &#8220;Lamentablemente el actual gobierno no nos ha acompa\u00f1ado en muchas de las iniciativas que hemos presentado, por eso es que tambi\u00e9n asumo mi compromiso para, desde la senadur\u00eda, gestionar en favor de las localidades del departamento Federal, sin sectarismo y cualquiera sea el color pol\u00edtico, ya que no hay que actuar con mezquindades como lo ha hecho la gesti\u00f3n de Bordet, mientras Rogelio Frigerio tiene muy bien en claro, que tendr\u00e1 un gobierno de puertas abiertas para todas las inquietudes que favorezcan al conjunto del pueblo entrerriano&#8221;, concluy\u00f3.<\/p>\r\n","protected":false},"excerpt":{"rendered":"<p>El pre candidato a senador provincial por el departamento Federal, Pablo Soreira, consider\u00f3 que se avecinan &#8220;importantes cambios pol\u00edticos para la provincia ya que el triunfo electoral de Rogelio Frigerio, le permitir\u00e1 a Entre R\u00edos salir de la situaci\u00f3n de postraci\u00f3n a la que la llevaron las distintas gestiones del justicialismo&#8221;.Soreira, actual intendente de Sauce &hellip; <\/p>\n<p><a class=\"more-link btn\" href=\"https:\/\/siglo21digital.com.ar\/?p=125\">Continue reading<\/a><\/p>\n","protected":false},"author":2,"featured_media":0,"comment_status":"open","ping_status":"open","sticky":false,"template":"","format":"standard","meta":{"_jetpack_memberships_contains_paid_content":false,"footnotes":""},"categories":[1],"tags":[],"class_list":["post-125","post","type-post","status-publish","format-standard","hentry","category-uncategorized","item-wrap"],"aioseo_notices":[],"jetpack_featured_media_url":"","jetpack_sharing_enabled":true,"_links":{"self":[{"href":"https:\/\/siglo21digital.com.ar\/index.php?rest_route=\/wp\/v2\/posts\/125","targetHints":{"allow":["GET"]}}],"collection":[{"href":"https:\/\/siglo21digital.com.ar\/index.php?rest_route=\/wp\/v2\/posts"}],"about":[{"href":"https:\/\/siglo21digital.com.ar\/index.php?rest_route=\/wp\/v2\/types\/post"}],"author":[{"embeddable":true,"href":"https:\/\/siglo21digital.com.ar\/index.php?rest_route=\/wp\/v2\/users\/2"}],"replies":[{"embeddable":true,"href":"https:\/\/siglo21digital.com.ar\/index.php?rest_route=%2Fwp%2Fv2%2Fcomments&post=125"}],"version-history":[{"count":2,"href":"https:\/\/siglo21digital.com.ar\/index.php?rest_route=\/wp\/v2\/posts\/125\/revisions"}],"predecessor-version":[{"id":134,"href":"https:\/\/siglo21digital.com.ar\/index.php?rest_route=\/wp\/v2\/posts\/125\/revisions\/134"}],"wp:attachment":[{"href":"https:\/\/siglo21digital.com.ar\/index.php?rest_route=%2Fwp%2Fv2%2Fmedia&parent=125"}],"wp:term":[{"taxonomy":"category","embeddable":true,"href":"https:\/\/siglo21digital.com.ar\/index.php?rest_route=%2Fwp%2Fv2%2Fcategories&post=125"},{"taxonomy":"post_tag","embeddable":true,"href":"https:\/\/siglo21digital.com.ar\/index.php?rest_route=%2Fwp%2Fv2%2Ftags&post=125"}],"curies":[{"name":"wp","href":"https:\/\/api.w.org\/{rel}","templated":true}]}}