{"id":10579,"date":"2026-01-28T09:16:01","date_gmt":"2026-01-28T12:16:01","guid":{"rendered":"https:\/\/siglo21digital.com.ar\/?p=10579"},"modified":"2026-01-28T09:16:01","modified_gmt":"2026-01-28T12:16:01","slug":"se-repararon-instalaciones-de-una-escuela-rural-de-federacion","status":"publish","type":"post","link":"https:\/\/siglo21digital.com.ar\/?p=10579","title":{"rendered":"Se repararon instalaciones de una escuela rural de Federaci\u00f3n"},"content":{"rendered":"<div class=\"mt-75 negrita texto-descripcion\">\n<div>\n<p><img fetchpriority=\"high\" decoding=\"async\" class=\"alignnone size-medium wp-image-10580\" src=\"http:\/\/siglo21digital.com.ar\/wp-content\/uploads\/2026\/01\/descargar-14-300x200.jpg\" alt=\"\" width=\"300\" height=\"200\" srcset=\"https:\/\/siglo21digital.com.ar\/wp-content\/uploads\/2026\/01\/descargar-14-300x200.jpg 300w, https:\/\/siglo21digital.com.ar\/wp-content\/uploads\/2026\/01\/descargar-14-1024x683.jpg 1024w, https:\/\/siglo21digital.com.ar\/wp-content\/uploads\/2026\/01\/descargar-14-768x512.jpg 768w, https:\/\/siglo21digital.com.ar\/wp-content\/uploads\/2026\/01\/descargar-14-1536x1024.jpg 1536w, https:\/\/siglo21digital.com.ar\/wp-content\/uploads\/2026\/01\/descargar-14-750x500.jpg 750w, https:\/\/siglo21digital.com.ar\/wp-content\/uploads\/2026\/01\/descargar-14.jpg 1920w\" sizes=\"(max-width: 300px) 100vw, 300px\" \/><\/p>\n<p>El Gobierno de Entre R\u00edos concluy\u00f3 intervenciones edilicias en la escuela N\u00b0 32 Cabildo Abierto, ubicada en la zona rural del departamento Federaci\u00f3n. La obra incluy\u00f3 mejoras en cubiertas, sanitarios y sistema el\u00e9ctrico, con el objetivo de garantizar condiciones edilicias seguras y adecuadas para la comunidad educativa.<\/p>\n<p>Los trabajos fueron ejecutados por el Ministerio de Planeamiento e Infraestructura, y permitieron recuperar sectores del edificio escolar, que presentaba deterioro estructural y fallas en instalaciones esenciales. La obra forma parte de las acciones provinciales orientadas al fortalecimiento de la infraestructura educativa en \u00e1mbitos rurales.<\/p>\n<p>El establecimiento, situado en Colonia Oficial N\u00ba 1 La Florida, a la vera de la ruta provincial N\u00ba 1 y a 12 kil\u00f3metros de Chajar\u00ed, recibe a m\u00e1s de 60 estudiantes de los niveles inicial y primario. Previamente a la intervenci\u00f3n, se hab\u00edan detectado fisuras en techos, filtraciones, humedad, deterioro de muros y deficiencias en el sistema el\u00e9ctrico, especialmente en el sector de nivel inicial, lo que representaba un riesgo para el normal desarrollo de las actividades escolares.<\/p>\n<p>&#8220;Estas intervenciones permiten mejorar sectores de uso diario de la escuela, garantizando espacios adecuados para el trabajo de los docentes y el aprendizaje de los estudiantes&#8221;, se\u00f1al\u00f3 el ministro Hern\u00e1n Jacob. Adem\u00e1s sostuvo que &#8220;La inversi\u00f3n p\u00fablica se orienta a asegurar el dictado de clases en condiciones dignas y seguras, como parte de un trabajo sostenido de recuperaci\u00f3n y fortalecimiento de la infraestructura escolar en toda la provincia&#8221;.<\/p>\n<p>Al respecto, la obra abarc\u00f3 una superficie de 140 metros cuadrados. Se intervino la cubierta deteriorada sobre el \u00e1rea de nivel inicial y se la reemplaz\u00f3 por un nuevo fald\u00f3n, junto con la colocaci\u00f3n de cielorrasos e iluminaci\u00f3n adecuada. Adem\u00e1s, se realiz\u00f3 el reacondicionamiento de la instalaci\u00f3n el\u00e9ctrica, incorporando un nuevo tablero principal para mejorar la seguridad y el funcionamiento del sistema.<\/p>\n<p>Asimismo, se ejecutaron trabajos en el grupo sanitario con la renovaci\u00f3n de ca\u00f1er\u00edas, revoques, pintura y el recambio de artefactos. Tambi\u00e9n se reconstruy\u00f3 la cubierta de la cocina, lo que permitir\u00e1 evitar filtraciones y optimizar la vinculaci\u00f3n funcional entre los distintos espacios del edificio escolar. La intervenci\u00f3n demand\u00f3 una inversi\u00f3n provincial de 31.727.276 pesos y la firma a cargo de los trabajos fue Luxe Obras y Proyectos.<\/p>\n<p>&nbsp;<\/p>\n<\/div>\n<\/div>\n","protected":false},"excerpt":{"rendered":"<p>El Gobierno de Entre R\u00edos concluy\u00f3 intervenciones edilicias en la escuela N\u00b0 32 Cabildo Abierto, ubicada en la zona rural del departamento Federaci\u00f3n. La obra incluy\u00f3 mejoras en cubiertas, sanitarios y sistema el\u00e9ctrico, con el objetivo de garantizar condiciones edilicias seguras y adecuadas para la comunidad educativa. Los trabajos fueron ejecutados por el Ministerio de &hellip; <\/p>\n<p><a class=\"more-link btn\" href=\"https:\/\/siglo21digital.com.ar\/?p=10579\">Continue reading<\/a><\/p>\n","protected":false},"author":2,"featured_media":0,"comment_status":"open","ping_status":"open","sticky":false,"template":"","format":"standard","meta":{"_jetpack_memberships_contains_paid_content":false,"footnotes":""},"categories":[1],"tags":[],"class_list":["post-10579","post","type-post","status-publish","format-standard","hentry","category-uncategorized","item-wrap"],"aioseo_notices":[],"jetpack_featured_media_url":"","jetpack_sharing_enabled":true,"_links":{"self":[{"href":"https:\/\/siglo21digital.com.ar\/index.php?rest_route=\/wp\/v2\/posts\/10579","targetHints":{"allow":["GET"]}}],"collection":[{"href":"https:\/\/siglo21digital.com.ar\/index.php?rest_route=\/wp\/v2\/posts"}],"about":[{"href":"https:\/\/siglo21digital.com.ar\/index.php?rest_route=\/wp\/v2\/types\/post"}],"author":[{"embeddable":true,"href":"https:\/\/siglo21digital.com.ar\/index.php?rest_route=\/wp\/v2\/users\/2"}],"replies":[{"embeddable":true,"href":"https:\/\/siglo21digital.com.ar\/index.php?rest_route=%2Fwp%2Fv2%2Fcomments&post=10579"}],"version-history":[{"count":1,"href":"https:\/\/siglo21digital.com.ar\/index.php?rest_route=\/wp\/v2\/posts\/10579\/revisions"}],"predecessor-version":[{"id":10581,"href":"https:\/\/siglo21digital.com.ar\/index.php?rest_route=\/wp\/v2\/posts\/10579\/revisions\/10581"}],"wp:attachment":[{"href":"https:\/\/siglo21digital.com.ar\/index.php?rest_route=%2Fwp%2Fv2%2Fmedia&parent=10579"}],"wp:term":[{"taxonomy":"category","embeddable":true,"href":"https:\/\/siglo21digital.com.ar\/index.php?rest_route=%2Fwp%2Fv2%2Fcategories&post=10579"},{"taxonomy":"post_tag","embeddable":true,"href":"https:\/\/siglo21digital.com.ar\/index.php?rest_route=%2Fwp%2Fv2%2Ftags&post=10579"}],"curies":[{"name":"wp","href":"https:\/\/api.w.org\/{rel}","templated":true}]}}