{"id":10573,"date":"2026-01-27T18:19:23","date_gmt":"2026-01-27T21:19:23","guid":{"rendered":"https:\/\/siglo21digital.com.ar\/?p=10573"},"modified":"2026-01-27T18:19:23","modified_gmt":"2026-01-27T21:19:23","slug":"llego-milei-a-la-provincia-cuestiona-upcn","status":"publish","type":"post","link":"https:\/\/siglo21digital.com.ar\/?p=10573","title":{"rendered":"\u201c\u00bfLleg\u00f3 Milei a la provincia?\u201d, cuestiona UPCN"},"content":{"rendered":"<p>&nbsp;<\/p>\n<p><img fetchpriority=\"high\" decoding=\"async\" class=\"alignnone size-medium wp-image-10574\" src=\"http:\/\/siglo21digital.com.ar\/wp-content\/uploads\/2026\/01\/banderas-upcn-295x300.jpg\" alt=\"\" width=\"295\" height=\"300\" srcset=\"https:\/\/siglo21digital.com.ar\/wp-content\/uploads\/2026\/01\/banderas-upcn-295x300.jpg 295w, https:\/\/siglo21digital.com.ar\/wp-content\/uploads\/2026\/01\/banderas-upcn.jpg 629w\" sizes=\"(max-width: 295px) 100vw, 295px\" \/><\/p>\n<p>\u201cNo estamos dispuestos a soportar m\u00e1s esfuerzo\u201d, remarc\u00f3 el Sindicato ante los trascendidos sobre un nuevo, injustificado e importante recorte de horas extras, principalmente en los Ministerios y algunos organismos de la administraci\u00f3n p\u00fablica entrerriana. Reclam\u00f3 a la provincia \u201cuna urgente aclaraci\u00f3n\u201d y advirti\u00f3 que \u201clos trabajadores no aguantan perder m\u00e1s poder adquisitivo\u201d.<\/p>\n<p>\u201cNos han contactado trabajadores de varios Ministerios debido a los fuertes trascendidos respecto a un nuevo, importante e indiscriminado recorte de horas extras. Ante esto nos preguntamos: Milei \u00bflleg\u00f3 a Entre R\u00edos?\u201d, expres\u00f3 la Secretaria Gremial, Cristina Melgarejo.<\/p>\n<p>Aclar\u00f3 que hasta el momento el Sindicato no ha logrado confirmar que exista una directiva oficial en este sentido, por lo cual exige respuestas.<\/p>\n<p>\u201cLa falta de actualizaci\u00f3n salarial afecta a todos los trabajadores. Algunos sectores se ven m\u00e1s perjudicados frente a la posibilidad de un nuevo recorte de ingresos en un concepto, que son las horas extras, que ya consideran parte de sus salarios\u201d, explic\u00f3.<\/p>\n<p>Afirm\u00f3 que \u201cesta incertidumbre genera malestar e impotencia, sobre todo en organismos que han trabajado intensamente durante enero para cerrar el 2025, como es el caso de los contables, o bien para cumplir con las recategorizaciones, como sucedi\u00f3 en Recursos Humanos\u201d.<\/p>\n<p>\u201cEsta situaci\u00f3n amerita una urgente aclaraci\u00f3n y que conozcamos de primera mano cu\u00e1l es el plan que est\u00e1 pensando el gobierno para mantener el poder adquisitivo de los compa\u00f1eros, que viene deterior\u00e1ndose sucesivamente. Conocemos la realidad y la crisis que atraviesa el pa\u00eds, pero no vamos a permitir que se siga retrocediendo en perjuicio de los trabajadores\u201d, subray\u00f3.<\/p>\n<p>&nbsp;<\/p>\n<p>\u201cA la eficacia la garantizan los trabajadores<\/p>\n<p>La Secretaria Gremial de UPCN se pregunt\u00f3 \u201ccu\u00e1les son las variables para mantener el equilibrio fiscal o para que den las cuentas\u201d y al respecto remarc\u00f3: \u201cQueremos saber los esfuerzos de todos los sectores\u201d.<\/p>\n<p>\u201cSe habla tanto de transparencia y de eficacia en la administraci\u00f3n p\u00fablica, pero que no se equivoquen: eso no lo garantizan los funcionarios con un discurso pol\u00edtico. Se logra con la tarea cotidiana que requiere la presencia y disposici\u00f3n de los trabajadores\u201d, resalt\u00f3 Melgarejo.<\/p>\n<p>\u201cAunque estamos pendientes de la paritaria, ante la problem\u00e1tica de las horas extras necesitamos una pronta reuni\u00f3n para discutir qu\u00e9 pasa y c\u00f3mo sigue este tema&#8221;, se\u00f1al\u00f3 y reproch\u00f3 que \u201ccon estas decisiones unilaterales el gobierno apura la conflictividad\u201d.<\/p>\n<p>\u201cDesde UPCN planteamos, como gesto urgente, que el gobierno nos convoque para tener la informaci\u00f3n correcta y transmitirla seria y responsablemente a los trabajadores. Y, por supuesto, determinemos conjuntamente con los compa\u00f1eros la posici\u00f3n que vamos a tomar\u201d, apunt\u00f3 la dirigente sindical.<\/p>\n<p>Luego manifest\u00f3: \u201cEn caso de que se confirme un recorte de horas extras, la pregunta es si ser\u00e1 transitorio o permanente. Y, en este \u00faltimo caso, qu\u00e9 compensaciones tendr\u00eda previstas el gobierno\u201d.<\/p>\n<p>\u201cEn medio de una crisis que es evidente, entendemos que cualquier quita de ingresos es un tema muy sensible en el que no podemos permanecer indiferentes\u201d, remarc\u00f3.<\/p>\n<p>\u201cEsperemos que la pregunta sobre si Milei lleg\u00f3 a Entre R\u00edos, sea solo una confusi\u00f3n administrativa\u201d, finaliz\u00f3 Melgarejo.<\/p>\n","protected":false},"excerpt":{"rendered":"<p>&nbsp; \u201cNo estamos dispuestos a soportar m\u00e1s esfuerzo\u201d, remarc\u00f3 el Sindicato ante los trascendidos sobre un nuevo, injustificado e importante recorte de horas extras, principalmente en los Ministerios y algunos organismos de la administraci\u00f3n p\u00fablica entrerriana. Reclam\u00f3 a la provincia \u201cuna urgente aclaraci\u00f3n\u201d y advirti\u00f3 que \u201clos trabajadores no aguantan perder m\u00e1s poder adquisitivo\u201d. \u201cNos &hellip; <\/p>\n<p><a class=\"more-link btn\" href=\"https:\/\/siglo21digital.com.ar\/?p=10573\">Continue reading<\/a><\/p>\n","protected":false},"author":2,"featured_media":0,"comment_status":"open","ping_status":"open","sticky":false,"template":"","format":"standard","meta":{"_jetpack_memberships_contains_paid_content":false,"footnotes":""},"categories":[1],"tags":[],"class_list":["post-10573","post","type-post","status-publish","format-standard","hentry","category-uncategorized","item-wrap"],"aioseo_notices":[],"jetpack_featured_media_url":"","jetpack_sharing_enabled":true,"_links":{"self":[{"href":"https:\/\/siglo21digital.com.ar\/index.php?rest_route=\/wp\/v2\/posts\/10573","targetHints":{"allow":["GET"]}}],"collection":[{"href":"https:\/\/siglo21digital.com.ar\/index.php?rest_route=\/wp\/v2\/posts"}],"about":[{"href":"https:\/\/siglo21digital.com.ar\/index.php?rest_route=\/wp\/v2\/types\/post"}],"author":[{"embeddable":true,"href":"https:\/\/siglo21digital.com.ar\/index.php?rest_route=\/wp\/v2\/users\/2"}],"replies":[{"embeddable":true,"href":"https:\/\/siglo21digital.com.ar\/index.php?rest_route=%2Fwp%2Fv2%2Fcomments&post=10573"}],"version-history":[{"count":1,"href":"https:\/\/siglo21digital.com.ar\/index.php?rest_route=\/wp\/v2\/posts\/10573\/revisions"}],"predecessor-version":[{"id":10575,"href":"https:\/\/siglo21digital.com.ar\/index.php?rest_route=\/wp\/v2\/posts\/10573\/revisions\/10575"}],"wp:attachment":[{"href":"https:\/\/siglo21digital.com.ar\/index.php?rest_route=%2Fwp%2Fv2%2Fmedia&parent=10573"}],"wp:term":[{"taxonomy":"category","embeddable":true,"href":"https:\/\/siglo21digital.com.ar\/index.php?rest_route=%2Fwp%2Fv2%2Fcategories&post=10573"},{"taxonomy":"post_tag","embeddable":true,"href":"https:\/\/siglo21digital.com.ar\/index.php?rest_route=%2Fwp%2Fv2%2Ftags&post=10573"}],"curies":[{"name":"wp","href":"https:\/\/api.w.org\/{rel}","templated":true}]}}