{"id":10570,"date":"2026-01-27T12:50:20","date_gmt":"2026-01-27T15:50:20","guid":{"rendered":"https:\/\/siglo21digital.com.ar\/?p=10570"},"modified":"2026-01-27T12:50:20","modified_gmt":"2026-01-27T15:50:20","slug":"aluani-acompano-la-inauguracion-del-primer-parque-de-energia-solar-fotovoltaica-en-colon","status":"publish","type":"post","link":"https:\/\/siglo21digital.com.ar\/?p=10570","title":{"rendered":"Aluani acompa\u00f1\u00f3 la inauguraci\u00f3n del primer parque de energ\u00eda solar fotovoltaica en Col\u00f3n"},"content":{"rendered":"<p><img fetchpriority=\"high\" decoding=\"async\" class=\"alignnone size-medium wp-image-10571\" src=\"http:\/\/siglo21digital.com.ar\/wp-content\/uploads\/2026\/01\/DSC_9127-3372.jpg-1536x1024-1-300x200.jpeg\" alt=\"\" width=\"300\" height=\"200\" srcset=\"https:\/\/siglo21digital.com.ar\/wp-content\/uploads\/2026\/01\/DSC_9127-3372.jpg-1536x1024-1-300x200.jpeg 300w, https:\/\/siglo21digital.com.ar\/wp-content\/uploads\/2026\/01\/DSC_9127-3372.jpg-1536x1024-1-1024x683.jpeg 1024w, https:\/\/siglo21digital.com.ar\/wp-content\/uploads\/2026\/01\/DSC_9127-3372.jpg-1536x1024-1-768x512.jpeg 768w, https:\/\/siglo21digital.com.ar\/wp-content\/uploads\/2026\/01\/DSC_9127-3372.jpg-1536x1024-1-750x500.jpeg 750w, https:\/\/siglo21digital.com.ar\/wp-content\/uploads\/2026\/01\/DSC_9127-3372.jpg-1536x1024-1.jpeg 1536w\" sizes=\"(max-width: 300px) 100vw, 300px\" \/><\/p>\n<p>La vicegobernadora Alicia Aluani junto al intendente de Col\u00f3n, Jos\u00e9 Luis Walser, encabezaron el acto de inauguraci\u00f3n del Parque de Energ\u00eda Solar Fotovoltaica de la ciudad<\/p>\n<p>El acto se realiz\u00f3 en la Planta Potabilizadora de la ciudad de Col\u00f3n donde se ubica el Parque de Energ\u00eda Solar Fotovoltaica. La vicegobernadora Alicia Aluani, quien se encuentra a cargo del Ejecutivo Provincial, y el intendente Jos\u00e9 Luis Walser, estuvieron acompa\u00f1ados por autoridades suizas, entre ellos el intendente de Sion, Philippe Varone, y el presidente Comunal de Arbaz, Jean Michel Bovnin.<\/p>\n<p>La obra se financi\u00f3 con la donaci\u00f3n de 80.000 francos suizos de la Asociaci\u00f3n SolArgentina de Sion con fondos restantes del municipio de Col\u00f3n, a trav\u00e9s de la empresa ejecutora Meyco SRL de San Jos\u00e9. El objetivo del este nuevo parque es reducir el consumo el\u00e9ctrico de la planta de agua y fomentar la energ\u00eda limpia.<\/p>\n<p>Innovaci\u00f3n, sustentabilidad y desarrollo local<\/p>\n<p>Al tomar la palabra, Aluani expres\u00f3 su orgullo por estar presente en representaci\u00f3n del gobernador Rogelio Frigerio \u201cen un hito hist\u00f3rico que es la transformaci\u00f3n energ\u00e9tica, que habla tambi\u00e9n de la sustentabilidad y tambi\u00e9n del desarrollo productivo\u201d y se\u00f1al\u00f3 que \u201cla materializaci\u00f3n de esta planta productiva es el resultado de lo que llevamos adelante, no s\u00f3lo como entrerrianos, sino como gobierno, de tener una planta que sea amigable con el medio ambiente y que proteja a nuestras generaciones futuras\u201d.<\/p>\n<p>En este sentido, la vicegobernadora indic\u00f3 que \u201ca nivel provincial hemos dado pasos importantes a trav\u00e9s de Enersa con la producci\u00f3n y con el desarrollo de dos plantas tambi\u00e9n de energ\u00eda solar fotovoltaica, una a nivel de Sauce Pinto y otra a nivel del Aut\u00f3dromo de la Ciudad de Paran\u00e1, que impactan positivamente en la vida de la poblaci\u00f3n\u201d.<\/p>\n<p>Adem\u00e1s, destac\u00f3 la \u201cdecisi\u00f3n pol\u00edtica de la Municipalidad de impulsar esta planta que utiliza los recursos naturales para transformarlo en energ\u00eda limpia y que potencia en forma positiva a todas las familias del lugar, y tambi\u00e9n a aquellas que utilizan esta energ\u00eda para su producci\u00f3n a nivel regional\u201d y extendi\u00f3 las felicitaciones a los t\u00e9cnicos, autoridades e instituciones involucradas en el desarrollo de esta planta: \u201cEsto habla que cuando hay decisiones pol\u00edticas, cuando hay articulaci\u00f3n y compromiso, resultan en estas ideas tan positivas y tan buenas para nuestro pa\u00eds, nuestra regi\u00f3n y nuestras localidades\u201d.<\/p>\n<p>Por su parte, el intendente Walser manifest\u00f3 la importancia de esta jornada para la ciudad: \u201cPodemos ver hoy una acci\u00f3n concreta que comenz\u00f3 como un sue\u00f1o, y donde recurrimos a este hermanamiento que tiene la ciudad de Col\u00f3n con Sion\u201d.<\/p>\n<p>All\u00ed, resalt\u00f3 que este proyecto \u201cno hubiese sido posible sin el trabajo conjunto, sin vecinos comprometidos y sin una decisi\u00f3n de fortalecer los v\u00ednculos que tiene este hermanamiento\u201d y que \u201csi tenemos una planificaci\u00f3n a largo plazo, si tenemos una visi\u00f3n de construcci\u00f3n de comunidad, sin duda que el futuro que nos espera, no solo para la sustentabilidad de nuestra ciudad, sino para la mejor calidad de vida de nuestros vecinos, va a ser muy pr\u00f3spero\u201d.<\/p>\n<p>Tambi\u00e9n se\u00f1al\u00f3 que el parque solar \u201ccubre el 65% de la energ\u00eda que demanda nuestra planta potabilizadora, que es una ayuda enorme, m\u00e1s en estos tiempos donde el incremento de la energ\u00eda el\u00e9ctrica ha hecho que, en muchos casos, esos costos se trasladen\u201d.<\/p>\n<p>Finalmente, el intendente de Sion, Philippe Varone y el presidente Comunal de Arbaz, Jean Michel Bovnin, brindaron unas palabras de agradecimiento y resaltaron el trabajo articulado entre las partes.<\/p>\n<p>&nbsp;<\/p>\n<p>Descubrimiento de placas y declaraciones de Inter\u00e9s<\/p>\n<p>Durante la actividad las autoridades realizaron el descubrimiento de la placa, y realizaron la entrega de la declaraci\u00f3n de visitante Ilustre al presidente de la ciudad de Sion, Phillipe Varone; al presidente de la Comuna de Arbaz, Jean Michel Bonvin; y a la prefecta de Sion, Delphine Pannatier Kessler.<\/p>\n<p>&nbsp;<\/p>\n<p>Presencias<\/p>\n<p>Participaron adem\u00e1s la viceintendente de Col\u00f3n, Mar\u00eda Dalleves; la viceintendente de Villa Elisa, Susana Lambert; el secretario de Gobierno de Col\u00f3n, Mariano Bravo; el senador por el departamento Col\u00f3n, Ramiro Favre; concejales y funcionarios municipales; representantes de instituciones locales; vecinos y referentes de empresas vinculadas a la construcci\u00f3n de la obra<\/p>\n","protected":false},"excerpt":{"rendered":"<p>La vicegobernadora Alicia Aluani junto al intendente de Col\u00f3n, Jos\u00e9 Luis Walser, encabezaron el acto de inauguraci\u00f3n del Parque de Energ\u00eda Solar Fotovoltaica de la ciudad El acto se realiz\u00f3 en la Planta Potabilizadora de la ciudad de Col\u00f3n donde se ubica el Parque de Energ\u00eda Solar Fotovoltaica. La vicegobernadora Alicia Aluani, quien se encuentra &hellip; <\/p>\n<p><a class=\"more-link btn\" href=\"https:\/\/siglo21digital.com.ar\/?p=10570\">Continue reading<\/a><\/p>\n","protected":false},"author":2,"featured_media":0,"comment_status":"open","ping_status":"open","sticky":false,"template":"","format":"standard","meta":{"_jetpack_memberships_contains_paid_content":false,"footnotes":""},"categories":[1],"tags":[],"class_list":["post-10570","post","type-post","status-publish","format-standard","hentry","category-uncategorized","item-wrap"],"aioseo_notices":[],"jetpack_featured_media_url":"","jetpack_sharing_enabled":true,"_links":{"self":[{"href":"https:\/\/siglo21digital.com.ar\/index.php?rest_route=\/wp\/v2\/posts\/10570","targetHints":{"allow":["GET"]}}],"collection":[{"href":"https:\/\/siglo21digital.com.ar\/index.php?rest_route=\/wp\/v2\/posts"}],"about":[{"href":"https:\/\/siglo21digital.com.ar\/index.php?rest_route=\/wp\/v2\/types\/post"}],"author":[{"embeddable":true,"href":"https:\/\/siglo21digital.com.ar\/index.php?rest_route=\/wp\/v2\/users\/2"}],"replies":[{"embeddable":true,"href":"https:\/\/siglo21digital.com.ar\/index.php?rest_route=%2Fwp%2Fv2%2Fcomments&post=10570"}],"version-history":[{"count":1,"href":"https:\/\/siglo21digital.com.ar\/index.php?rest_route=\/wp\/v2\/posts\/10570\/revisions"}],"predecessor-version":[{"id":10572,"href":"https:\/\/siglo21digital.com.ar\/index.php?rest_route=\/wp\/v2\/posts\/10570\/revisions\/10572"}],"wp:attachment":[{"href":"https:\/\/siglo21digital.com.ar\/index.php?rest_route=%2Fwp%2Fv2%2Fmedia&parent=10570"}],"wp:term":[{"taxonomy":"category","embeddable":true,"href":"https:\/\/siglo21digital.com.ar\/index.php?rest_route=%2Fwp%2Fv2%2Fcategories&post=10570"},{"taxonomy":"post_tag","embeddable":true,"href":"https:\/\/siglo21digital.com.ar\/index.php?rest_route=%2Fwp%2Fv2%2Ftags&post=10570"}],"curies":[{"name":"wp","href":"https:\/\/api.w.org\/{rel}","templated":true}]}}